{"id":9279,"date":"2021-09-03T13:47:46","date_gmt":"2021-09-03T13:47:46","guid":{"rendered":"https:\/\/podlaskizpn.org\/?p=9279"},"modified":"2021-09-03T13:47:46","modified_gmt":"2021-09-03T13:47:46","slug":"komunikat-wydzialu-gier-i-ewidencji-podlaskiego-zpn-2","status":"publish","type":"post","link":"https:\/\/podlaskizpn.org\/index.php\/2021\/09\/03\/komunikat-wydzialu-gier-i-ewidencji-podlaskiego-zpn-2\/","title":{"rendered":"Komunikat Wydzia\u0142u Gier i Ewidencji Podlaskiego ZPN"},"content":{"rendered":"\n<p><strong>z posiedze\u0144 w dniu 1.09. oraz 3.09.2021r.<\/strong><\/p>\n\n\n\n<p>Wydzia\u0142 Gier i Ewidencji zweryfikowa\u0142 nast\u0119puj\u0105ce zawody <strong>(za okres 23.08 \u2013 30.08.2021 r.):<\/strong><\/p>\n\n\n\n<ol type=\"1\"><li>Klasa rozgrywkowa: Keeza IV Liga<\/li><\/ol>\n\n\n\n<p>Data: 21.08.2021 r.<\/p>\n\n\n\n<p>Mecz: <strong>KS Krypnianka Krypno \u2013 \u0141KS 1926 \u0141om\u017ca <\/strong>wynik z boiska 2:5 (dwa \u2013 pi\u0119\u0107)<\/p>\n\n\n\n<p><strong>Decyzja<\/strong>: anulowa\u0107 pierwotnie przyznany walkower 5:0 (pi\u0119\u0107 \u2013 zero) na korzy\u015b\u0107 \u0141KS 1926 \u0141om\u017ca i utrzyma\u0107 wyniki z boiska 2:5 (dwa-pi\u0119\u0107) na korzy\u015b\u0107 \u0141KS 1926 \u0141om\u017ca<\/p>\n\n\n\n<p>Pow\u00f3d: Maj\u0105c na uwadze dostarczenie przez s\u0119dziego g\u0142\u00f3wnego meczu oryginalnej listy zawodnik\u00f3w KS Krypnianka Krypno, wype\u0142nionej przed meczem przez kierownika Gospodarzy, nie ma w\u0105tpliwo\u015bci, i\u017c s\u0119dzia g\u0142\u00f3wny zawod\u00f3w pope\u0142ni\u0142 b\u0142\u0105d podczas wprowadzania danych z oryginalnej listy zawodnik\u00f3w do systemu pzpn.24.pl. Jako dow\u00f3d, oryginalna lista zawodnik\u00f3w wraz z wyja\u015bnieniem s\u0119dziego g\u0142\u00f3wnego zawod\u00f3w.<\/p>\n\n\n\n<ul><li>Klasa rozgrywkowa: Runda Wst\u0119pna Pucharu Polski<\/li><\/ul>\n\n\n\n<p>Data: 22.08.2021 r.<\/p>\n\n\n\n<p>Mecz: <strong>MLKS Wissa II Szczuczyn \u2013 LKS Promie\u0144 II Mo\u0144ki<\/strong> wynik z boiska 10:1 (dziesi\u0119\u0107 \u2013 jeden)<\/p>\n\n\n\n<p><strong>Decyzja:<\/strong> anulowa\u0107 pierwotnie przyznany walkower 10:0 (dziesi\u0119\u0107 \u2013 zero) na korzy\u015b\u0107 MLKS Wissa II Szczuczyn i utrzyma\u0107 wyniki z boiska 10:1 (dziesi\u0119\u0107-jeden) na korzy\u015b\u0107 MLKS Wissa II Szczuczyn<\/p>\n\n\n\n<p>Pow\u00f3d: Maj\u0105c na uwadze dostarczenie przez s\u0119dziego g\u0142\u00f3wnego meczu oryginalnej listy zawodnik\u00f3w LKS Promie\u0144 II Mo\u0144ki, wype\u0142nionej przed meczem przez kierownika Go\u015bci, nie ma w\u0105tpliwo\u015bci, i\u017c s\u0119dzia g\u0142\u00f3wny zawod\u00f3w pope\u0142ni\u0142 b\u0142\u0105d podczas wprowadzania danych<br>z oryginalnej listy zawodnik\u00f3w do systemu ex24. B\u0142\u0105d s\u0119dziego g\u0142\u00f3wnego, wype\u0142niaj\u0105cego sprawozdanie, polega\u0142 na b\u0142\u0119dnym zaznaczeniu w protokole w systemie ex24 zawodnika Jakuba D\u0105browskiego (nr ew. 944273) ur. 28.05.2003 r., podczas gdy do dru\u017cyny senior\u00f3w wyst\u0119puj\u0105cej w Keeza IV Liga oraz Keeza A Klasa uprawniony jest r\u00f3wnie\u017c Jakub D\u0105browski (nr ew. 1164967) ur. 17.08.2004 r., kt\u00f3ry to faktycznie wyst\u0105pi\u0142 w meczu RW Pucharu Polski.<\/p>\n\n\n\n<p>Klub LKS Promie\u0144 Mo\u0144ki zosta\u0142 pouczony, i\u017c w sytuacji r\u0119cznego wype\u0142niania listy zawodnik\u00f3w przez trenera\/kierownika ka\u017cdej z dw\u00f3ch dru\u017cyn senior\u00f3w, przy ka\u017cdym z tych dw\u00f3ch zawodnik\u00f3w nale\u017cy obowi\u0105zkowo wpisa\u0107 dat\u0119 urodzenia, celem prawid\u0142owej identyfikacji ka\u017cdego z tych dw\u00f3ch zawodnik\u00f3w.<\/p>\n\n\n\n<ul><li>Klasa rozgrywkowa: Keeza A Klasa gr 1<\/li><\/ul>\n\n\n\n<p>Data: 30.08.2021 r.<\/p>\n\n\n\n<p>Mecz: <strong>MLKS Wissa II Szczuczyn \u2013 KS Warmia II Grajewo<\/strong><strong> <\/strong>wynik z boiska 1:1 (jeden-jeden)<\/p>\n\n\n\n<p><strong>Decyzja: Obustronny Walkower<\/strong><\/p>\n\n\n\n<p>Pow\u00f3d: W dru\u017cynie MLKS Wissa II Szczuczynwyst\u0105pi\u0142o w meczu czterech zawodnik\u00f3w z aktywn\u0105 kar\u0105 dyskwalifikacji, nadan\u0105 w sezonie 2020\/21, tj. zawodnicy oznaczeni:<\/p>\n\n\n\n<p>Nr 6 \u2013 3 \u017c.k. otrzymana 16.06.2021 r.<\/p>\n\n\n\n<p>Nr 12 \u2013 3 \u017c.k. otrzymana 28.04.2021 r.<\/p>\n\n\n\n<p>Nr 5 \u2013 6 \u017c.k. otrzymana 27.06.2021 r.<\/p>\n\n\n\n<p>Nr 99 \u2013 3 \u017c.k. otrzymana 27.06.2021 r.<\/p>\n\n\n\n<p>W dru\u017cynie KS Warmia II Grajewo wyst\u0105pi\u0142 zawodnik, oznaczony Nr 77, z aktywn\u0105 kar\u0105 dyskwalifikacji za samoistn\u0105 czerwon\u0105 kartk\u0119, otrzyman\u0105 16.06.2021 r.<\/p>\n\n\n\n<ul><li>Klasa rozgrywkowa: Keeza A Klasa gr 2<\/li><\/ul>\n\n\n\n<p>Data: 29.08.2021 r.<\/p>\n\n\n\n<p>Mecz: <strong>NKS Iskra Narew \u2013 KS&nbsp; \u017bubr Drohiczyn<\/strong><strong> <\/strong>wynik z boiska 4:2 (cztery-dwa)<\/p>\n\n\n\n<p><strong>Decyzja: Obustronny Walkower<\/strong><\/p>\n\n\n\n<p>Pow\u00f3d: W dru\u017cynie NKS Iskra Narewwyst\u0105pi\u0142 w meczu jeden zawodnik z aktywn\u0105 kar\u0105 dyskwalifikacji, nadan\u0105 w sezonie 2020\/21, tj. zawodnik oznaczony Nr 3 \u2013 3 \u017c.k. otrzyman\u0105 26.06.2021 r.<\/p>\n\n\n\n<p>W dru\u017cynie KS \u017bubr Drohiczyn wyst\u0105pi\u0142 zawodnik, oznaczony Nr 17, z aktywn\u0105 kar\u0105 dyskwalifikacji za 4 \u017c.k., otrzyman\u0105 27.06.2021 r.<\/p>\n\n\n\n<ul><li>Klasa rozgrywkowa: Keeza A Klasa gr 2<\/li><\/ul>\n\n\n\n<p>Data: 29.08.2021 r.<\/p>\n\n\n\n<p>Mecz: <strong>\u015aKS Kolejarz Czeremcha \u2013 KS Cresovia II Siemiatycze<\/strong>. Wynik z boiska 0:1 (zero-jeden) na korzy\u015b\u0107 KS Cresovia II Siemiatycze<\/p>\n\n\n\n<p><strong>Decyzja<\/strong>: <strong>3:0 i 3 pkt na korzy\u015b\u0107: <\/strong>\u015aKS Kolejarz Czeremcha<\/p>\n\n\n\n<p>Pow\u00f3d: W dru\u017cynie KS Cresovia II Siemiatyczewyst\u0105pi\u0142o w meczu dw\u00f3ch zawodnik\u00f3w z aktywn\u0105 kar\u0105 dyskwalifikacji, nadan\u0105 w sezonie 2020\/21, tj. zawodnicy oznaczeni:<\/p>\n\n\n\n<p>Nr 26 \u2013 3 \u017c.k. otrzymana 27.06.2021 r.<\/p>\n\n\n\n<p>Nr 15 \u2013 3 \u017c.k. otrzymana 27.06.2021 r.<\/p>\n\n\n\n<ul><li>Klasa rozgrywkowa: Keeza A Klasa gr 3<\/li><\/ul>\n\n\n\n<p>Data: 28.08.2021 r.<\/p>\n\n\n\n<p>Mecz: <strong>KS W\u0142\u00f3kniarz Bia\u0142ystok \u2013 KS Magnat Juchnowiec<\/strong>. Wynik z boiska 0:2 (zero-dwa) na korzy\u015b\u0107 KS Magnat Juchnowiec<\/p>\n\n\n\n<p><strong>Decyzja:<\/strong> <strong>3:0 i 3 pkt na korzy\u015b\u0107: <\/strong>KS Magnat Juchnowiec<\/p>\n\n\n\n<p>Pow\u00f3d: W dru\u017cynie KS W\u0142\u00f3kniarz Bia\u0142ystok&nbsp; wyst\u0105pi\u0142 zawodnik, oznaczony Nr 16, z aktywn\u0105 kar\u0105 dyskwalifikacji za 4 \u017c.k., otrzyman\u0105 20.06.2021 r.<\/p>\n\n\n\n<ul><li>Klasa rozgrywkowa: Keeza A Klasa gr 3<\/li><\/ul>\n\n\n\n<p>Data: 28.08.2021 r.<\/p>\n\n\n\n<p>Mecz: <strong>KS Turo\u015bnianka Turo\u015b\u0144 Ko\u015bcielna<\/strong><strong> \u2013 KS&nbsp; Supra\u015blanka Supra\u015bl<\/strong>. Wynik z boiska 2:1 (dwa &#8211; jeden) na korzy\u015b\u0107 KS Turo\u015bnianka Turo\u015b\u0144 Ko\u015bcielna<\/p>\n\n\n\n<p><strong>Decyzja<\/strong><strong>:<\/strong> <strong>Obustronny Walkower<\/strong><\/p>\n\n\n\n<p>Pow\u00f3d: W dru\u017cynie KS Turo\u015bnianka Turo\u015b\u0144 Ko\u015bcielnawyst\u0105pi\u0142 w meczu jeden zawodnik z aktywn\u0105 kar\u0105 dyskwalifikacji, nadan\u0105 w sezonie 2020\/21, tj. zawodnik oznaczony Nr 19<br>\u2013 4 \u017c.k. otrzyman\u0105 27.06.2021 r.<\/p>\n\n\n\n<p>W dru\u017cynie KS Supra\u015blanka Supra\u015bl wyst\u0105pi\u0142o dw\u00f3ch zawodnik\u00f3w, tj. oznaczonych:<\/p>\n\n\n\n<p>Nr 18 z aktywn\u0105 kar\u0105 dyskwalifikacji za 3 \u017c.k., otrzyman\u0105 27.06.2021 r.<\/p>\n\n\n\n<p>Nr 9 z aktywn\u0105 kar\u0105 dyskwalifikacji za 6 \u017c.k., otrzyman\u0105 27.06.2021 r.<\/p>\n\n\n\n<ul><li>Klasa rozgrywkowa: Keeza A Klasa gr 3<\/li><\/ul>\n\n\n\n<p>Data: 29.08.2021 r.<\/p>\n\n\n\n<p>Mecz: <strong>KS Soko\u0142y \u2013 KS Wasilk\u00f3w II<\/strong>. Wynik z boiska 3:2 (trzy &#8211; dwa) na korzy\u015b\u0107 KS Soko\u0142y<\/p>\n\n\n\n<p><strong>Decyzja:<\/strong> <strong>3:0 i 3 pkt na korzy\u015b\u0107: <\/strong>KS Wasilk\u00f3w II.<\/p>\n\n\n\n<p>Pow\u00f3d: W dru\u017cynie KS Soko\u0142ywyst\u0105pi\u0142 w meczu jeden zawodnik z aktywn\u0105 kar\u0105 dyskwalifikacji, nadan\u0105 w sezonie 2020\/21, tj. zawodnik oznaczony Nr 11 &#8211; 4 \u017c.k., otrzyman\u0105 27.06.2021 r.<\/p>\n\n\n\n<ul><li>Klasa rozgrywkowa: Junior A1<\/li><\/ul>\n\n\n\n<p>Data: 27.08.2021 r.<\/p>\n\n\n\n<p>Mecz: <strong>MOSP Bia\u0142ystok \u2013 Jagiellonia Bia\u0142ystok SA<\/strong>. Wynik z boiska 1:4 (jeden &#8211; cztery) na korzy\u015b\u0107 Jagiellonia Bia\u0142ystok SA.<\/p>\n\n\n\n<p><strong>Decyzja<\/strong><strong>:<\/strong> <strong>4<\/strong><strong>:0 i 3 pkt na korzy\u015b\u0107: <\/strong>Jagiellonia Bia\u0142ystok SA.<\/p>\n\n\n\n<p>Pow\u00f3d: W dru\u017cynie MOSP Bia\u0142ystok<strong> <\/strong>wyst\u0105pi\u0142 zawodnik, oznaczony Nr 11, z aktywn\u0105 kar\u0105 dyskwalifikacji za samoistn\u0105 czerwon\u0105 kartk\u0119, otrzyman\u0105 25.08.2020 r.<\/p>\n\n\n\n<ol type=\"1\"><li>Klasa rozgrywkowa: Junior A1<\/li><\/ol>\n\n\n\n<p>Data: 28.08.2021 r.<\/p>\n\n\n\n<p>Mecz: <strong>\u0141KS 1926 \u0141om\u017ca \u2013 MKS Mielnik<\/strong><\/p>\n\n\n\n<p><strong>Decyzja<\/strong><strong>:<\/strong> <strong>Walkower 3:0 i 3 pkt<\/strong> na korzy\u015b\u0107 \u0141KS 1926 \u0141om\u017ca<strong><\/strong><\/p>\n\n\n\n<p>Pow\u00f3d: niestawienie si\u0119 do rywalizacji dru\u017cyny MKS Mielnik.<\/p>\n\n\n\n<ol type=\"1\"><li>Klasa rozgrywkowa: I liga Junior C2<\/li><\/ol>\n\n\n\n<p>Data: 28.08.2021 r.<\/p>\n\n\n\n<p>Mecz: <strong>MOSP Bia\u0142ystok \u2013 Petrus \u0141apy<\/strong>. Wynik z boiska 5:2 (pi\u0119\u0107-dwa) na korzy\u015b\u0107 MOSP Bia\u0142ystok<\/p>\n\n\n\n<p><strong>Decyzja<\/strong><strong>:<\/strong> <strong>3<\/strong><strong>:0 i 3 pkt na korzy\u015b\u0107: <\/strong>Petrus \u0141apy<\/p>\n\n\n\n<p>Pow\u00f3d: Udzia\u0142 w grze w dru\u017cynie MOSP Bia\u0142ystok<strong> <\/strong>zawodnika, nieuprawnionego do dru\u017cyny wyst\u0119puj\u0105cej w rozgrywce I liga C2 w systemie extranet24 (uprawniony do I ligi C1 oraz II ligi C1 gr 1)<\/p>\n\n\n\n<ol type=\"1\"><li>Klasa rozgrywkowa: I liga Junior D1<\/li><\/ol>\n\n\n\n<p>Data: 28.08.2021 r.<\/p>\n\n\n\n<p>Mecz: <strong>ZKS Olimpia Zambr\u00f3w \u2013 MOSP Bia\u0142ystok<\/strong><\/p>\n\n\n\n<p><strong>Decyzja<\/strong><strong>:<\/strong> <strong>Walkower 3:0 i 3 pkt<\/strong> na korzy\u015b\u0107 ZKS Olimpia Zambr\u00f3w<strong><\/strong><\/p>\n\n\n\n<p>Pow\u00f3d: niestawienie si\u0119 do rywalizacji dru\u017cyny MOSP Bia\u0142ystok<\/p>\n\n\n\n<ol type=\"1\"><li>Klasa rozgrywkowa: II liga Junior D2 gr 1<\/li><\/ol>\n\n\n\n<p>Data: 28.08.2021 r.<\/p>\n\n\n\n<p>Mecz: <strong>AP Talent II Bia\u0142ystok \u2013 Cresa Siemiatycze<\/strong><\/p>\n\n\n\n<p><strong>Decyzja<\/strong><strong>:<\/strong> <strong>Walkower 3:0 i 3 pkt<\/strong> na korzy\u015b\u0107 AP Talent II Bia\u0142ystok<strong><\/strong><\/p>\n\n\n\n<p>Pow\u00f3d: niestawienie si\u0119 do rywalizacji dru\u017cyny Cresa Siemiatycze<\/p>\n\n\n\n<ol type=\"1\"><li>Klasa rozgrywkowa: II liga Junior D2 gr 2<\/li><\/ol>\n\n\n\n<p>Data: 28.08.2021 r.<\/p>\n\n\n\n<p>Mecz: <strong>Jastrz\u0105b Knyszyn \u2013 SKS Pomorzanka Sejny<\/strong><\/p>\n\n\n\n<p><strong>Decyzja<\/strong><strong>:<\/strong> <strong>Walkower 3:0 i 3 pkt<\/strong> na korzy\u015b\u0107 Jastrz\u0105b Knyszyn<strong><\/strong><\/p>\n\n\n\n<p>Pow\u00f3d: niestawienie si\u0119 do rywalizacji dru\u017cyny SKS Pomorzanka Sejny<\/p>\n","protected":false},"excerpt":{"rendered":"<p>z posiedze\u0144 w dniu 1.09. oraz 3.09.2021r. Wydzia\u0142 Gier i Ewidencji zweryfikowa\u0142 nast\u0119puj\u0105ce zawody (za okres 23.08 \u2013 30.08.2021 r.): Klasa rozgrywkowa: Keeza IV Liga Data: 21.08.2021 r. Mecz: KS Krypnianka Krypno \u2013 \u0141KS 1926 \u0141om\u017ca wynik z boiska 2:5 (dwa \u2013 pi\u0119\u0107) Decyzja: anulowa\u0107 pierwotnie przyznany walkower 5:0 (pi\u0119\u0107 \u2013 zero) na korzy\u015b\u0107 \u0141KS &hellip;<\/p>\n","protected":false},"author":1,"featured_media":8831,"comment_status":"closed","ping_status":"","sticky":false,"template":"","format":"standard","meta":[],"categories":[41],"tags":[],"_links":{"self":[{"href":"https:\/\/podlaskizpn.org\/index.php\/wp-json\/wp\/v2\/posts\/9279"}],"collection":[{"href":"https:\/\/podlaskizpn.org\/index.php\/wp-json\/wp\/v2\/posts"}],"about":[{"href":"https:\/\/podlaskizpn.org\/index.php\/wp-json\/wp\/v2\/types\/post"}],"author":[{"embeddable":true,"href":"https:\/\/podlaskizpn.org\/index.php\/wp-json\/wp\/v2\/users\/1"}],"replies":[{"embeddable":true,"href":"https:\/\/podlaskizpn.org\/index.php\/wp-json\/wp\/v2\/comments?post=9279"}],"version-history":[{"count":1,"href":"https:\/\/podlaskizpn.org\/index.php\/wp-json\/wp\/v2\/posts\/9279\/revisions"}],"predecessor-version":[{"id":9280,"href":"https:\/\/podlaskizpn.org\/index.php\/wp-json\/wp\/v2\/posts\/9279\/revisions\/9280"}],"wp:featuredmedia":[{"embeddable":true,"href":"https:\/\/podlaskizpn.org\/index.php\/wp-json\/wp\/v2\/media\/8831"}],"wp:attachment":[{"href":"https:\/\/podlaskizpn.org\/index.php\/wp-json\/wp\/v2\/media?parent=9279"}],"wp:term":[{"taxonomy":"category","embeddable":true,"href":"https:\/\/podlaskizpn.org\/index.php\/wp-json\/wp\/v2\/categories?post=9279"},{"taxonomy":"post_tag","embeddable":true,"href":"https:\/\/podlaskizpn.org\/index.php\/wp-json\/wp\/v2\/tags?post=9279"}],"curies":[{"name":"wp","href":"https:\/\/api.w.org\/{rel}","templated":true}]}}