{"id":8833,"date":"2021-05-28T08:16:09","date_gmt":"2021-05-28T08:16:09","guid":{"rendered":"https:\/\/podlaskizpn.org\/?p=8833"},"modified":"2021-05-28T08:16:09","modified_gmt":"2021-05-28T08:16:09","slug":"obsada-sedziowska_2020-21_runda-wiosenna_34-2","status":"publish","type":"post","link":"https:\/\/podlaskizpn.org\/index.php\/2021\/05\/28\/obsada-sedziowska_2020-21_runda-wiosenna_34-2\/","title":{"rendered":"OBSADA S\u0118DZIOWSKA_2020-21_Runda Wiosenna_34"},"content":{"rendered":"\n<figure class=\"wp-block-table\"><table><tbody><tr><td><\/td><td><strong>IV Liga \u2013 kolejka 30<\/strong><\/td><\/tr><\/tbody><\/table><\/figure>\n\n\n\n<figure class=\"wp-block-table\"><table><tbody><tr><td>L.p.<\/td><td>Gospodarze<\/td><td>Go\u015bcie<\/td><td>Data<\/td><td>Godz.<\/td><td>Miejsce<\/td><td>Obsada<\/td><\/tr><\/tbody><\/table><\/figure>\n\n\n\n<figure class=\"wp-block-table\"><table><tbody><tr><td>1<\/td><td>SOK\u00d3\u0141 1946 SOK\u00d3\u0141KA<\/td><td>pauzuje w kolejce<\/td><td>&nbsp;<\/td><td>&nbsp;<\/td><td>&nbsp;<\/td><td><strong><br><br><br><\/strong><\/td><\/tr><tr><td>2<\/td><td>Wissa Szczuczyn<\/td><td>Promie\u0144 Mo\u0144ki<\/td><td>2021-05-29<\/td><td>17:00<\/td><td>Boisko ze sztuczn\u0105 nawierzchni\u0105 (Kolno, Wojska Polskiego 40)<\/td><td><strong>Leszek Bielicki (Zambr\u00f3w)<br>Janusz Brokowski (Zambr\u00f3w)<br>Piotr Karwowski (Bia\u0142ystok)<\/strong><\/td><\/tr><tr><td>3<\/td><td>Sparta August\u00f3w<\/td><td>Orze\u0142 Kolno<\/td><td>2021-05-29<\/td><td>16:00<\/td><td>August\u00f3w (August\u00f3w, Tytoniowa 1)<\/td><td><strong>Pawe\u0142 Mackiewicz (\u0141om\u017ca)<br>Andrzej M\u015bcichowski (Grajewo)<br>Tomasz Borawski (Jedwabne)<\/strong><\/td><\/tr><tr><td>4<\/td><td>Tur Bielsk Podlaski<\/td><td>MOSP Bia\u0142ystok<\/td><td>2021-05-29<\/td><td>12:00<\/td><td>Stadion Miejski (Bielsk Podlaski, Elizy Orzeszkowej 19)<\/td><td><strong>Marcin \u0141ebkowski (\u0141om\u017ca)<br>Robert D\u0105browski (\u0141om\u017ca)<br>Marek Anuszkiewicz (Zambr\u00f3w)<\/strong><\/td><\/tr><tr><td>5<\/td><td>\u0141KS 1926 \u0141om\u017ca<\/td><td>Cresovia Siemiatycze<\/td><td>2021-05-29<\/td><td>19:26<\/td><td>Stadion Miejski (\u0141om\u017ca, Zjazd 18)<\/td><td><strong>Daniel Niemyjski (Bielsk Podlaski)<br>Magdalena Ostrowska (Wid\u017agowo)<br>Karolina Sosna (Szernie)<\/strong><\/td><\/tr><tr><td>6<\/td><td>D\u0105b D\u0105browa Bia\u0142ostocka<\/td><td>Warmia Grajewo<\/td><td>2021-05-29<\/td><td>18:00<\/td><td>Stadion Miejski w D\u0105browie Bia\u0142ostockiej (D\u0105browa Bia\u0142ostocka, gen. Nikodema Sulika 2)<\/td><td><strong>Kamil Niewinski (Bielsk Podlaski)<br>Micha\u0142 Renkiewicz (Suwa\u0142ki)<br>Piotr Jankowski (Bia\u0142ystok)<\/strong><\/td><\/tr><tr><td>7<\/td><td>Sparta 1951 Szepietowo<\/td><td>KS Micha\u0142owo<\/td><td>2021-05-30<\/td><td>16:00<\/td><td>Stadion Miejski w Szepietowie (Szepietowo, Sportowa 5)<\/td><td><strong>Marcin Jakubowski (Jakubowskie)<br>Damian Tanajewski (\u0141om\u017ca)<br>B\u0142a\u017cej Kujawa (Ignatki)<\/strong><\/td><\/tr><tr><td>8<\/td><td>MKS Mielnik<\/td><td>Krypnianka Krypno<\/td><td>2021-05-30<\/td><td>15:00<\/td><td>Stadion MKS MIELNIK (Mielnik, Zamkowa )<\/td><td><strong>Rados\u0142aw Zaremba (G\u0105s\u00f3wka-Somachy)<br>Mariusz Mat\u0142oka (\u0141apy)<br>Bart\u0142omiej Ignaczuk (Uhowo)<\/strong><\/td><\/tr><tr><td>9<\/td><td>WIGRY II SUWA\u0141KI S.A.<\/td><td>Hetman Bia\u0142ystok<\/td><td>2021-05-30<\/td><td>15:00<\/td><td>Stadion Miejski w Suwa\u0142kach (Suwa\u0142ki, Zarzecze 26)<\/td><td><strong>Maciej Nowacki (Uhowo)<br>Marcin Adamski (Za\u015bcianki)<br>Arkadiusz Brysiewicz (Jurowce)<\/strong><\/td><\/tr><\/tbody><\/table><\/figure>\n\n\n\n<figure class=\"wp-block-table\"><table><tbody><tr><td><\/td><td><\/td><\/tr><\/tbody><\/table><\/figure>\n\n\n\n<figure class=\"wp-block-table\"><table><tbody><tr><td><\/td><td><\/td><td>&nbsp;<\/td><\/tr><tr><td><\/td><td><strong>&nbsp;<\/strong> <strong>Klasa okr\u0119gowa \u2013 kolejka 30<\/strong><\/td><\/tr><\/tbody><\/table><\/figure>\n\n\n\n<figure class=\"wp-block-table\"><table><tbody><tr><td>L.p.<\/td><td>Gospodarze<\/td><td>Go\u015bcie<\/td><td>Data<\/td><td>Godz.<\/td><td>Miejsce<\/td><td>Obsada<\/td><\/tr><\/tbody><\/table><\/figure>\n\n\n\n<figure class=\"wp-block-table\"><table><tbody><tr><td>1<\/td><td>BOCIAN BO\u0106KI<\/td><td>Piast Bia\u0142ystok<\/td><td>2021-05-30<\/td><td>14:00<\/td><td>Bocianie Gniazdo (Bo\u0107ki, Dubie\u0144ska 70)<\/td><td><strong>Maciej Roszkowski ()<br>S\u0142awomir Ku\u0107 (Krypno Wielkie)<br>Mateusz Chowa\u0144ski (Krypno Ko\u015bcielne)<\/strong><\/td><\/tr><tr><td>2<\/td><td>Pomorzanka Sejny<\/td><td>Orl\u0119ta Czy\u017cew<\/td><td>2021-05-30<\/td><td>16:00<\/td><td>Stadion Miejski w Sejnach (Sejny, Konarskiego 1)<\/td><td><strong>Bartosz Tomaszuk (Bia\u0142ystok)<br>Krzysztof Jab\u0142onowski (Bia\u0142ystok)<br>Jakub Rutkowski (Ignatki)<\/strong><\/td><\/tr><tr><td>3<\/td><td>Puszcza Hajn\u00f3wka<\/td><td>Narew Choroszcz<\/td><td>2021-05-29<\/td><td>17:00<\/td><td>Stadion Miejski (Hajn\u00f3wka, ks. Antoniego Dziewiatowskiego 2)<\/td><td><strong>Marek Fr\u0105ckiel (Bia\u0142ystok)<br>Marcin \u015awierzbi\u0144ski (Bia\u0142ystok)<br>Bartosz Nos (Bia\u0142ystok)<\/strong><\/td><\/tr><tr><td>4<\/td><td>Rudnia Zab\u0142ud\u00f3w<\/td><td>Magnat Juchnowiec Ko\u015bcielny<\/td><td>2021-05-29<\/td><td>16:00<\/td><td>Stadion KS Rudnia Zab\u0142ud\u00f3w (Zab\u0142ud\u00f3w, Adama Mickiewicza 16)<\/td><td><strong>Micha\u0142 Zinowczyk (Bielsk Podlaski)<br>Jaros\u0142aw Rogoza (Bielsk Podlaski)<br>\u0141ukasz Samosiuk (Hajn\u00f3wka)<\/strong><\/td><\/tr><tr><td>5<\/td><td>JASION JASION\u00d3WKA<\/td><td>LZS Krynki<\/td><td>2021-05-30<\/td><td>15:00<\/td><td>Jasion Jasion\u00f3wka (Jasion\u00f3wka, Grodzie\u0144ska )<\/td><td><strong>Jakub Kaseja (\u0141om\u017ca)<br>Janusz Brokowski (Zambr\u00f3w)<br>Andrzej M\u015bcichowski (Grajewo)<\/strong><\/td><\/tr><tr><td>6<\/td><td>UKS Konar Kora Korycin<\/td><td>KS \u015aniadowo<\/td><td>2021-05-30<\/td><td>16:00<\/td><td>Kora Arena (Korycin, Knyszy\u0144ska 2A)<\/td><td><strong>Robert D\u0105browski (\u0141om\u017ca)<br>Leszek Bielicki (Zambr\u00f3w)<br>Marek Anuszkiewicz (Zambr\u00f3w)<\/strong><\/td><\/tr><tr><td>7<\/td><td>UNIA CIECHANOWIEC<\/td><td>KS GRAB\u00d3WKA<\/td><td>2021-05-30<\/td><td>14:00<\/td><td>Stadion Miejski w Ciechanowcu (Ciechanowiec, Stadion 1)<\/td><td><strong>Mariusz Ga\u0142czyk (Bia\u0142ystok)<br>Krzysztof Matuszewski (Bia\u0142ystok)<br>Hubert Pianka (Kleosin)<\/strong><\/td><\/tr><tr><td>8<\/td><td>CZARNI CZARNA BIA\u0141OSTOCKA<\/td><td>Korona Dobrzyniewo Du\u017ce<\/td><td>2021-05-29<\/td><td>16:00<\/td><td>Miejski (Czarna Bia\u0142ostocka, Konopnickiej 7)<\/td><td><strong>Dariusz Organek (Bia\u0142ystok)<br>Damian Wielog\u00f3rski (Nurzec-Stacja)<br>Marcin Czech (Wasilk\u00f3w)<\/strong><\/td><\/tr><tr><td>9<\/td><td>Hetman Tykocin<\/td><td>Tur II Bielsk Podlaski<\/td><td>2021-05-29<\/td><td>17:00<\/td><td>Stadion Miejski (Tykocin, Jana Kochanowskiego 1)<\/td><td><strong>Szymon Szymajda (Bia\u0142ystok)<br>Marcin Adamski (Za\u015bcianki)<br>Monika S\u0142owikowska (Goni\u0105dz)<\/strong><\/td><\/tr><tr><td>&nbsp;<\/td><td><\/td><td><strong>&nbsp;<\/strong> <strong>&nbsp;<\/strong> <strong>Klasa A Grupa 1 \u2013 kolejka 23<\/strong><\/td><td>&nbsp;<\/td><\/tr><tr><td><\/td><td><\/td><td><\/td><td><\/td><td><\/td><td><\/td><td><\/td><td><\/td><td><\/td><td><\/td><\/tr><\/tbody><\/table><\/figure>\n\n\n\n<figure class=\"wp-block-table\"><table><tbody><tr><td>L.p.<\/td><td>Gospodarze<\/td><td>Go\u015bcie<\/td><td>Data<\/td><td>Godz.<\/td><td>Miejsce<\/td><td>Obsada<\/td><\/tr><\/tbody><\/table><\/figure>\n\n\n\n<figure class=\"wp-block-table\"><table><tbody><tr><td>1<\/td><td>GKS GR\u00d3DEK<\/td><td>pauzuje w kolejce<\/td><td>&nbsp;<\/td><td>&nbsp;<\/td><td>&nbsp;<\/td><td><strong><br><br><br><\/strong><\/td><\/tr><tr><td>2<\/td><td>Husar Nurzec<\/td><td>Cresovia II Siemiatycze<\/td><td>2021-05-30<\/td><td>15:00<\/td><td>Stadion Sportowy (Nurzec-Stacja, Sportowa 10)<\/td><td><strong>Jakub Warpechowski (Bielsk Podlaski)<br>Kamil Niewinski (Bielsk Podlaski)<br>Mariusz \u0141ukianiuk (Czeremcha)<\/strong><\/td><\/tr><tr><td>3<\/td><td>Iskra Narew<\/td><td>\u017bUBR DROHICZYN<\/td><td>2021-05-30<\/td><td>15:00<\/td><td>Iskra Narew (Narew, Adama Mickiewicza 81A)<\/td><td><strong>Tomasz Siemieniuk (Bielsk Podlaski)<br>Marek Fr\u0105ckiel (Bia\u0142ystok)<br>Bartosz Nos (Bia\u0142ystok)<\/strong><\/td><\/tr><tr><td>4<\/td><td>ISKRA WYSZKI<\/td><td>Znicz Sura\u017c<\/td><td>2021-05-30<\/td><td>15:00<\/td><td>Stadion Wyszki (Wyszki, Szkolna 17)<\/td><td><strong>Mateusz Nakielski (Bia\u0142ystok)<br>Filip Tworkowski (Bia\u0142ystok)<br>Kamil Kropiwnicki (Sobolewo)<\/strong><\/td><\/tr><tr><td>5<\/td><td>Kolejarz Czeremcha<\/td><td>Pionier Bra\u0144sk<\/td><td>2021-05-30<\/td><td>14:00<\/td><td>\u015aKS Kolejarz Czeremcha (Czeremcha, D\u0142uga )<\/td><td><strong>Karolina Trzeciak (Goni\u0105dz)<br>Karol Wydra (Sok\u00f3\u0142ka)<br>\u0141ukasz Bochenek (Bia\u0142ystok)<\/strong><\/td><\/tr><tr><td>6<\/td><td>KS PI\u0141KAWKA BIA\u0141YSTOK<\/td><td>MKS POGO\u0143 \u0141APY<\/td><td>2021-05-29<\/td><td>16:30<\/td><td>Stadion Miejski w \u0141apach (\u0141apy, Le\u015bnikowska 18)<\/td><td><strong>Hubert Pianka (Kleosin)<br>Marcin Jakubowski (Jakubowskie)<br>Kamil \u0141upi\u0144ski (Franki-D\u0105browa)<\/strong><\/td><\/tr><tr><td>7<\/td><td>KS TURO\u015aNIANKA Turo\u015b\u0144 Ko\u015bcielna<\/td><td>KS Soko\u0142y<\/td><td>2021-05-30<\/td><td>17:00<\/td><td>Soko\u0142y, Nowy \u015awiat 33<\/td><td><strong>Marcin Czech (Wasilk\u00f3w)<br>Piotr Jankowski (Bia\u0142ystok)<br>Damian Wysocki (Bia\u0142ystok)<\/strong><\/td><\/tr><tr><td>&nbsp;<\/td><td><\/td><td><strong>&nbsp;<\/strong> <strong>Klasa A Grupa 2 \u2013 Kolejka 23<\/strong><\/td><td>&nbsp;<\/td><\/tr><tr><td><\/td><td><\/td><td><\/td><td><\/td><td><\/td><td><\/td><td><\/td><td><\/td><td><\/td><td><\/td><\/tr><\/tbody><\/table><\/figure>\n\n\n\n<figure class=\"wp-block-table\"><table><tbody><tr><td>L.p.<\/td><td>Gospodarze<\/td><td>Go\u015bcie<\/td><td>Data<\/td><td>Godz.<\/td><td>Miejsce<\/td><td>Obsada<\/td><\/tr><\/tbody><\/table><\/figure>\n\n\n\n<figure class=\"wp-block-table\"><table><tbody><tr><td>1<\/td><td>GRAB JAN\u00d3WKA<\/td><td>Biebrza Goni\u0105dz<\/td><td>2021-05-29<\/td><td>17:00<\/td><td>Boisko Gminne (Biernatki )<\/td><td><strong>Mateusz Wilczko (Mo\u0144ki)<br>Maciej Roszkowski ()<br>S\u0142awomir Ku\u0107 (Krypno Wielkie)<\/strong><\/td><\/tr><tr><td>2<\/td><td>JASTRZ\u0104B KNYSZYN<\/td><td>GKS Stawiski<\/td><td>2021-05-29<\/td><td>16:00<\/td><td>Stadion Miejski (Knyszyn, Bia\u0142ostocka )<\/td><td><strong>Pawe\u0142 Kostko (Bia\u0142ystok)<br>Rados\u0142aw Kowalczuk (Lewickie)<br>Kamil Baranowski (Bia\u0142ystok)<\/strong><\/td><\/tr><tr><td>3<\/td><td>KOS 1984 RUTKI<\/td><td>W\u0142\u00f3kniarz Bia\u0142ystok<\/td><td>2021-05-28<\/td><td>20:00<\/td><td>Boisko boczne przy Stadionie Miejskim w Zambrowie (Zambr\u00f3w, Prymasa Stefana Wyszy\u0144skiego 8)<\/td><td><strong>Tomasz Borawski (Jedwabne)<br>Krzysztof Boguski ()<br>Piotr Karwowski (Bia\u0142ystok)<\/strong><\/td><\/tr><tr><td>4<\/td><td>KS Wasilk\u00f3w II<\/td><td>PAUZA<\/td><td><\/td><td>&nbsp;<\/td><td>&nbsp;<\/td><td><strong><br><br><br><\/strong><\/td><\/tr><tr><td>5<\/td><td>Wissa II Szczuczyn<\/td><td>Supra\u015blanka Supra\u015bl<\/td><td>2021-05-30<\/td><td>18:00<\/td><td>Boisko szkolne (Szczuczyn, Grunwaldzka 2)<\/td><td><strong>Mateusz Dzwonkowski (\u0141om\u017ca)<br>Pawe\u0142 Mackiewicz (\u0141om\u017ca)<br>Julian Narewski (\u0141om\u017ca)<\/strong><\/td><\/tr><tr><td>6<\/td><td>PASJA KLEOSIN<\/td><td>Sudovia Szudzia\u0142owo<\/td><td>2021-05-30<\/td><td>19:00<\/td><td>STADION W JUCHNOWCU (Juchnowiec Dolny )<\/td><td><strong>Krzysztof Matuszewski (Bia\u0142ystok)<br>Mariusz Ga\u0142czyk (Bia\u0142ystok)<br>Hubert Pianka (Kleosin)<\/strong><\/td><\/tr><tr><td>7<\/td><td>Pogranicze Ku\u017anica<\/td><td>Polonia Raczki<\/td><td>2021-05-29<\/td><td>15:00<\/td><td>Stadion w Ku\u017anicy (Ku\u017anica, Tadeusza Ko\u015bciuszki )<\/td><td><strong>Arkadiusz Brysiewicz (Jurowce)<br>Piotr Bondarenko (Bia\u0142ystok)<br>Dominik Bigosi\u0144ski (Bia\u0142ystok)<\/strong><\/td><\/tr><\/tbody><\/table><\/figure>\n","protected":false},"excerpt":{"rendered":"<p>IV Liga \u2013 kolejka 30 L.p. Gospodarze Go\u015bcie Data Godz. Miejsce Obsada 1 SOK\u00d3\u0141 1946 SOK\u00d3\u0141KA pauzuje w kolejce &nbsp; &nbsp; &nbsp; 2 Wissa Szczuczyn Promie\u0144 Mo\u0144ki 2021-05-29 17:00 Boisko ze sztuczn\u0105 nawierzchni\u0105 (Kolno, Wojska Polskiego 40) Leszek Bielicki (Zambr\u00f3w)Janusz Brokowski (Zambr\u00f3w)Piotr Karwowski (Bia\u0142ystok) 3 Sparta August\u00f3w Orze\u0142 Kolno 2021-05-29 16:00 August\u00f3w (August\u00f3w, Tytoniowa 1) &hellip;<\/p>\n","protected":false},"author":1,"featured_media":8710,"comment_status":"closed","ping_status":"","sticky":false,"template":"","format":"standard","meta":[],"categories":[36,40],"tags":[],"_links":{"self":[{"href":"https:\/\/podlaskizpn.org\/index.php\/wp-json\/wp\/v2\/posts\/8833"}],"collection":[{"href":"https:\/\/podlaskizpn.org\/index.php\/wp-json\/wp\/v2\/posts"}],"about":[{"href":"https:\/\/podlaskizpn.org\/index.php\/wp-json\/wp\/v2\/types\/post"}],"author":[{"embeddable":true,"href":"https:\/\/podlaskizpn.org\/index.php\/wp-json\/wp\/v2\/users\/1"}],"replies":[{"embeddable":true,"href":"https:\/\/podlaskizpn.org\/index.php\/wp-json\/wp\/v2\/comments?post=8833"}],"version-history":[{"count":1,"href":"https:\/\/podlaskizpn.org\/index.php\/wp-json\/wp\/v2\/posts\/8833\/revisions"}],"predecessor-version":[{"id":8834,"href":"https:\/\/podlaskizpn.org\/index.php\/wp-json\/wp\/v2\/posts\/8833\/revisions\/8834"}],"wp:featuredmedia":[{"embeddable":true,"href":"https:\/\/podlaskizpn.org\/index.php\/wp-json\/wp\/v2\/media\/8710"}],"wp:attachment":[{"href":"https:\/\/podlaskizpn.org\/index.php\/wp-json\/wp\/v2\/media?parent=8833"}],"wp:term":[{"taxonomy":"category","embeddable":true,"href":"https:\/\/podlaskizpn.org\/index.php\/wp-json\/wp\/v2\/categories?post=8833"},{"taxonomy":"post_tag","embeddable":true,"href":"https:\/\/podlaskizpn.org\/index.php\/wp-json\/wp\/v2\/tags?post=8833"}],"curies":[{"name":"wp","href":"https:\/\/api.w.org\/{rel}","templated":true}]}}