{"id":6538,"date":"2018-02-05T10:07:08","date_gmt":"2018-02-05T10:07:08","guid":{"rendered":"http:\/\/pzpn.firstwebstrona.pl\/index.php\/2021\/01\/21\/sprawozdanie-z-zimowej-ligi-pilki-noznej-halowej-w-kuleszach-koscielnych\/"},"modified":"2021-01-21T13:13:00","modified_gmt":"2021-01-21T13:13:00","slug":"sprawozdanie-z-zimowej-ligi-pilki-noznej-halowej-w-kuleszach-koscielnych","status":"publish","type":"post","link":"https:\/\/podlaskizpn.org\/index.php\/2018\/02\/05\/sprawozdanie-z-zimowej-ligi-pilki-noznej-halowej-w-kuleszach-koscielnych\/","title":{"rendered":"Sprawozdanie z Zimowej Ligi Pi\u0142ki No\u017cnej Halowej w Kuleszach Ko\u015bcielnych"},"content":{"rendered":"<p style=\"text-align: center;\">W pi\u0105tki, od 17 XI 2017r. do 02 II 2018r. zosta\u0142y przeprowadzone na Sali w Kuleszach Ko\u015bcielnych<\/p>\n<p style=\"text-align: center;\">rozgrywki w pi\u0142ce no\u017cnej halowej. W zawodach uczestniczy\u0142o 12 dru\u017cyn z miejscowej i okolicznych gmin.<\/p>\n<p style=\"text-align: center;\">W 11 kolejkach wzi\u0119\u0142o udzia\u0142 146 zawodnik\u00f3w, kt\u00f3rzy strzelili og\u00f3\u0142em507 bramek.<\/p>\n<p><img loading=\"lazy\" class=\"aligncenter wp-image-7160\" src=\"http:\/\/podlaskizpn.org\/wp-content\/uploads\/2018\/02\/g.jpg\" alt=\"\" width=\"698\" height=\"468\" \/><\/p>\n<p><img loading=\"lazy\" class=\"alignleft size-medium wp-image-7164\" src=\"http:\/\/podlaskizpn.org\/wp-content\/uploads\/2018\/02\/z-300x261.jpg\" alt=\"\" width=\"300\" height=\"261\" \/>Kr\u00f3lem strzelc\u00f3w okaza\u0142 si\u0119 Sebastian Kulesza, zdobywca 35 bramek. Najlepszym zawodnikiem zosta\u0142 wybrany Micha\u0142 Kazimierczuk z Czy\u017cewa (18 bramek, 4 asysty) a wyr\u00f3\u017cniaj\u0105cym si\u0119 bramkarzem &#8211; Adrian Kulesza (JMTK Kulesze). Tytu\u0142 M\u0142ody Talent przyznano Krystianowi Dmochowskiemu (Koledzy) &#8211; 12 bramek, 6 asyst a najm\u0142odszym zawodnikiem by\u0142 Jakub Szysz\u0142o (Koledzy), ur. 2003r. &#8211; 6 bramek, 2 asysty.<img loading=\"lazy\" class=\"alignright size-medium wp-image-7159\" src=\"http:\/\/podlaskizpn.org\/wp-content\/uploads\/2018\/02\/dddd-300x230.jpg\" alt=\"\" width=\"300\" height=\"230\" \/><\/p>\n<p>&nbsp;<\/p>\n<p>&nbsp;<\/p>\n<p>Uczestnicy Ligi dzi\u0119kuj\u0105 W\u00f3jtowi Gminy Kulesze Ko\u015bcielne \u2013 J\u00f3zefowi Grochowskiemu i Prezesowi Podlaskiego Zwi\u0105zku Pi\u0142ki No\u017cnej \u2013 S\u0142awomirowi Kopczewskiemu za ufundowanie puchar\u00f3w, nagr\u00f3d i upomink\u00f3w a Leszkowi Bielickiemu za pomoc i zapewnienie profesjonalnej obsady s\u0119dziowskiej.<\/p>\n<p><img loading=\"lazy\" class=\"alignleft size-medium wp-image-7158\" src=\"http:\/\/podlaskizpn.org\/wp-content\/uploads\/2018\/02\/ddd-300x273.jpg\" alt=\"\" width=\"300\" height=\"273\" \/><\/p>\n<p><strong><em><img loading=\"lazy\" class=\"alignright wp-image-7157\" src=\"http:\/\/podlaskizpn.org\/wp-content\/uploads\/2018\/02\/dd-300x233.jpg\" alt=\"\" width=\"345\" height=\"268\" \/><\/em><\/strong><\/p>\n<p>&nbsp;<\/p>\n<p>&nbsp;<\/p>\n<p>&nbsp;<\/p>\n<p>&nbsp;<\/p>\n<p>&nbsp;<\/p>\n<p>&nbsp;<\/p>\n<p>&nbsp;<\/p>\n<p style=\"text-align: center;\"><strong><em>ZIMOWA LIGA PI\u0141KI NO\u017bNEJ HALOWEJ <\/em><\/strong><\/p>\n<p style=\"text-align: center;\"><em> KULESZE KO\u015aCIELNE<\/em><\/p>\n<p style=\"text-align: center;\"><em>sezon 2017\/2018 <\/em><\/p>\n<p style=\"text-align: center;\"><strong><em>KLASYFIKACJA KO\u0143COWA<\/em><\/strong><\/p>\n<p><strong><em><img loading=\"lazy\" class=\"alignright wp-image-7162\" src=\"http:\/\/podlaskizpn.org\/wp-content\/uploads\/2018\/02\/s-539x1024.jpg\" alt=\"\" width=\"211\" height=\"401\" \/><\/em><\/strong><\/p>\n<p><img loading=\"lazy\" class=\"size-full wp-image-7155 alignleft\" src=\"http:\/\/podlaskizpn.org\/wp-content\/uploads\/2018\/02\/tabela.jpg\" alt=\"\" width=\"504\" height=\"428\" \/><\/p>\n<p>&nbsp;<\/p>\n<p>&nbsp;<\/p>\n<p>&nbsp;<\/p>\n<p>&nbsp;<\/p>\n<p>&nbsp;<\/p>\n<p>&nbsp;<\/p>\n<p>&nbsp;<\/p>\n<p>&nbsp;<\/p>\n<p>&nbsp;<\/p>\n<p><span style=\"color: #ffffff;\">f<\/span><\/p>\n<p><span style=\"color: #ffffff;\">f<\/span><\/p>\n<p>Organizatorzy:<\/p>\n<p>Tomasz Kulesza<\/p>\n<p>Ks. Jaros\u0142aw Traczyk<\/p>\n","protected":false},"excerpt":{"rendered":"<p>W pi\u0105tki, od 17 XI 2017r. do 02 II 2018r. zosta\u0142y przeprowadzone na Sali w Kuleszach Ko\u015bcielnych rozgrywki w pi\u0142ce no\u017cnej halowej. W zawodach uczestniczy\u0142o 12 dru\u017cyn z miejscowej i okolicznych gmin. W 11 kolejkach wzi\u0119\u0142o udzia\u0142 146 zawodnik\u00f3w, kt\u00f3rzy strzelili og\u00f3\u0142em507 bramek. Kr\u00f3lem strzelc\u00f3w okaza\u0142 si\u0119 Sebastian Kulesza, zdobywca 35 bramek. Najlepszym zawodnikiem zosta\u0142 &hellip;<\/p>\n","protected":false},"author":1,"featured_media":0,"comment_status":"open","ping_status":"open","sticky":false,"template":"","format":"standard","meta":[],"categories":[],"tags":[],"_links":{"self":[{"href":"https:\/\/podlaskizpn.org\/index.php\/wp-json\/wp\/v2\/posts\/6538"}],"collection":[{"href":"https:\/\/podlaskizpn.org\/index.php\/wp-json\/wp\/v2\/posts"}],"about":[{"href":"https:\/\/podlaskizpn.org\/index.php\/wp-json\/wp\/v2\/types\/post"}],"author":[{"embeddable":true,"href":"https:\/\/podlaskizpn.org\/index.php\/wp-json\/wp\/v2\/users\/1"}],"replies":[{"embeddable":true,"href":"https:\/\/podlaskizpn.org\/index.php\/wp-json\/wp\/v2\/comments?post=6538"}],"version-history":[{"count":1,"href":"https:\/\/podlaskizpn.org\/index.php\/wp-json\/wp\/v2\/posts\/6538\/revisions"}],"predecessor-version":[{"id":7590,"href":"https:\/\/podlaskizpn.org\/index.php\/wp-json\/wp\/v2\/posts\/6538\/revisions\/7590"}],"wp:attachment":[{"href":"https:\/\/podlaskizpn.org\/index.php\/wp-json\/wp\/v2\/media?parent=6538"}],"wp:term":[{"taxonomy":"category","embeddable":true,"href":"https:\/\/podlaskizpn.org\/index.php\/wp-json\/wp\/v2\/categories?post=6538"},{"taxonomy":"post_tag","embeddable":true,"href":"https:\/\/podlaskizpn.org\/index.php\/wp-json\/wp\/v2\/tags?post=6538"}],"curies":[{"name":"wp","href":"https:\/\/api.w.org\/{rel}","templated":true}]}}