{"id":6238,"date":"0001-12-03T00:00:00","date_gmt":"0001-12-03T00:00:00","guid":{"rendered":"http:\/\/pzpn.firstwebstrona.pl\/index.php\/2021\/01\/21\/6238\/"},"modified":"2021-01-21T13:12:51","modified_gmt":"2021-01-21T13:12:51","slug":"6238","status":"publish","type":"post","link":"https:\/\/podlaskizpn.org\/index.php\/0001\/12\/03\/6238\/","title":{"rendered":""},"content":{"rendered":"<p>Dru\u017cyna AP Jagiellonia Bia\u0142ystok 2002 okaza\u0142a si\u0119 najlepsza w niedzielnym turnieju <a class=\"profileLink\" href=\"https:\/\/www.facebook.com\/fcbayern.en\/?fref=mentions\" data-hovercard=\"\/ajax\/hovercard\/page.php?id=822633781141031&amp;extragetparams=%7B%22fref%22%3A%22mentions%22%7D\" data-hovercard-prefer-more-content-show=\"1\">FC Bayern M\u00fcnchen<\/a> Youth Cup Polska 2018 <a class=\"_58cn\" href=\"https:\/\/www.facebook.com\/hashtag\/bia\u0142ystok?source=feed_text\" data-ft=\"{&quot;tn&quot;:&quot;*N&quot;,&quot;type&quot;:104}\"><span class=\"_5afx\"><span class=\"_58cl _5afz\" aria-label=\"znacznik #\">#<\/span><span class=\"_58cm\">Bia\u0142ystok<\/span><\/span><\/a>. W finale na <a class=\"profileLink\" href=\"https:\/\/www.facebook.com\/StadionMiejskiwBialymstoku\/?fref=mentions\" data-hovercard=\"\/ajax\/hovercard\/page.php?id=367653600023318&amp;extragetparams=%7B%22fref%22%3A%22mentions%22%7D\" data-hovercard-prefer-more-content-show=\"1\">Stadion Miejski w Bia\u0142ymstoku<\/a>. \u017b\u00f3\u0142to-czerwoni pokonali w rzutach karnych dru\u017cyn\u0119 MOSP 1.<br \/>\n10 najlepszych zawodnik\u00f3w turnieju, wytypowanych m.in. przez jedn\u0105 z legend Bayernu Klausa Augenthalera, pojedzie do Monachium na 5-dniowy, profesjonalny ob\u00f3z szkoleniowy pod okiem trener\u00f3w FC Bayern oraz udzia\u0142, jako reprezentacja Polski, w fina\u0142ach \u015bwiatowych na Allianz Arena.<br \/>\nW pikniku, organizowanym przy okazji turnieju i imprezach towarzysz\u0105cych wzi\u0119\u0142o udzia\u0142 ok. 7 tys. os\u00f3b, kt\u00f3re mog\u0142y m.in. podziwia\u0107 klubowe pami\u0105tki klubu ze stolicy Bawarii, kt\u00f3ry ju\u017c za kilka dni b\u0119dzie walczy\u0142 o o fina\u0142 Ligi Mistrz\u00f3w z Realem Madryt.<\/p>\n<p>&nbsp;<\/p>\n<p>\u017ar\u00f3d\u0142o, galeria zdj\u0119\u0107: bialystok.pl<\/p>\n","protected":false},"excerpt":{"rendered":"<p>Dru\u017cyna AP Jagiellonia Bia\u0142ystok 2002 okaza\u0142a si\u0119 najlepsza w niedzielnym turnieju FC Bayern M\u00fcnchen Youth Cup Polska 2018 #Bia\u0142ystok. W finale na Stadion Miejski w Bia\u0142ymstoku. \u017b\u00f3\u0142to-czerwoni pokonali w rzutach karnych dru\u017cyn\u0119 MOSP 1. 10 najlepszych zawodnik\u00f3w turnieju, wytypowanych m.in. przez jedn\u0105 z legend Bayernu Klausa Augenthalera, pojedzie do Monachium na 5-dniowy, profesjonalny ob\u00f3z szkoleniowy &hellip;<\/p>\n","protected":false},"author":1,"featured_media":0,"comment_status":"open","ping_status":"open","sticky":false,"template":"","format":"standard","meta":[],"categories":[],"tags":[],"_links":{"self":[{"href":"https:\/\/podlaskizpn.org\/index.php\/wp-json\/wp\/v2\/posts\/6238"}],"collection":[{"href":"https:\/\/podlaskizpn.org\/index.php\/wp-json\/wp\/v2\/posts"}],"about":[{"href":"https:\/\/podlaskizpn.org\/index.php\/wp-json\/wp\/v2\/types\/post"}],"author":[{"embeddable":true,"href":"https:\/\/podlaskizpn.org\/index.php\/wp-json\/wp\/v2\/users\/1"}],"replies":[{"embeddable":true,"href":"https:\/\/podlaskizpn.org\/index.php\/wp-json\/wp\/v2\/comments?post=6238"}],"version-history":[{"count":3,"href":"https:\/\/podlaskizpn.org\/index.php\/wp-json\/wp\/v2\/posts\/6238\/revisions"}],"predecessor-version":[{"id":7463,"href":"https:\/\/podlaskizpn.org\/index.php\/wp-json\/wp\/v2\/posts\/6238\/revisions\/7463"}],"wp:attachment":[{"href":"https:\/\/podlaskizpn.org\/index.php\/wp-json\/wp\/v2\/media?parent=6238"}],"wp:term":[{"taxonomy":"category","embeddable":true,"href":"https:\/\/podlaskizpn.org\/index.php\/wp-json\/wp\/v2\/categories?post=6238"},{"taxonomy":"post_tag","embeddable":true,"href":"https:\/\/podlaskizpn.org\/index.php\/wp-json\/wp\/v2\/tags?post=6238"}],"curies":[{"name":"wp","href":"https:\/\/api.w.org\/{rel}","templated":true}]}}