{"id":15584,"date":"2026-09-01T10:46:35","date_gmt":"2026-09-01T10:46:35","guid":{"rendered":"https:\/\/podlaskizpn.org\/?p=15584"},"modified":"2026-09-01T10:46:35","modified_gmt":"2026-09-01T10:46:35","slug":"nowa-siedziba-podlaskiego-zwiazku-pilki-noznej-majatek-na-pokolenia-i-impuls-do-rozwoju-futbolu","status":"publish","type":"post","link":"https:\/\/podlaskizpn.org\/index.php\/2026\/09\/01\/nowa-siedziba-podlaskiego-zwiazku-pilki-noznej-majatek-na-pokolenia-i-impuls-do-rozwoju-futbolu\/","title":{"rendered":"Nowa siedziba Podlaskiego Zwi\u0105zku Pi\u0142ki No\u017cnej. Maj\u0105tek na pokolenia i impuls do rozwoju futbolu"},"content":{"rendered":"\n<p><strong>Przej\u015bcie z najmu na pe\u0142n\u0105 w\u0142asno\u015b\u0107, czterokondygnacyjny budynek o powierzchni 230 m\u00b2 i zaplecze odpowiadaj\u0105ce wsp\u00f3\u0142czesnym standardom zarz\u0105dzania sportem. Prezes Podlaskiego Zwi\u0105zku Pi\u0142ki No\u017cnej, S\u0142awomir Kopczewski, podsumowuje strategiczn\u0105 inwestycj\u0119 w now\u0105 siedzib\u0119, wyja\u015bnia korzy\u015bci ekonomiczne p\u0142yn\u0105ce z zakupu nieruchomo\u015bci oraz ocenia wp\u0142yw sukces\u00f3w i projekt\u00f3w infrastrukturalnych Jagiellonii Bia\u0142ystok na rozw\u00f3j pi\u0142ki no\u017cnej w ca\u0142ym regionie.<\/strong><\/p>\n\n\n\n<figure class=\"wp-block-image size-large\"><img loading=\"lazy\" width=\"1024\" height=\"683\" src=\"https:\/\/podlaskizpn.org\/wp-content\/uploads\/2026\/09\/131A9948-1024x683.jpg\" alt=\"\" class=\"wp-image-15585\" srcset=\"https:\/\/podlaskizpn.org\/wp-content\/uploads\/2026\/09\/131A9948-1024x683.jpg 1024w, https:\/\/podlaskizpn.org\/wp-content\/uploads\/2026\/09\/131A9948-300x200.jpg 300w, https:\/\/podlaskizpn.org\/wp-content\/uploads\/2026\/09\/131A9948-768x512.jpg 768w, https:\/\/podlaskizpn.org\/wp-content\/uploads\/2026\/09\/131A9948-1536x1024.jpg 1536w, https:\/\/podlaskizpn.org\/wp-content\/uploads\/2026\/09\/131A9948-2048x1365.jpg 2048w, https:\/\/podlaskizpn.org\/wp-content\/uploads\/2026\/09\/131A9948-128x85.jpg 128w, https:\/\/podlaskizpn.org\/wp-content\/uploads\/2026\/09\/131A9948-32x21.jpg 32w\" sizes=\"(max-width: 1024px) 100vw, 1024px\" \/><\/figure>\n\n\n\n<p>Pytany o to, czy nowa siedziba oznacza dla regionalnego zwi\u0105zku zupe\u0142nie nowe mo\u017cliwo\u015bci organizacyjne, prezes podkre\u015bli\u0142 fundamentaln\u0105 wag\u0119 przej\u015bcia na pe\u0142n\u0105 w\u0142asno\u015b\u0107 nieruchomo\u015bci oraz znacz\u0105cy skok przestrzenny w por\u00f3wnaniu z poprzedni\u0105 lokalizacj\u0105.<\/p>\n\n\n\n<p>&#8211; Przede wszystkim cieszymy si\u0119 z tego, \u017ce mogli\u015bmy w ko\u0144cu kupi\u0107 w\u0142asny lokal. To, o czym kiedy\u015b nikt nie my\u015bla\u0142, sta\u0142o si\u0119 faktem i spe\u0142nili\u015bmy swoje marzenia. Mamy swoj\u0105 siedzib\u0119, nie jeste\u015bmy zdani na nikogo, nie wynajmujemy, jeste\u015bmy u siebie. Marzeniem ka\u017cdej organizacji jest posiadanie w\u0142asnego lokalu i bycie niezale\u017cnym. Powierzchnia 230 m\u00b2 w por\u00f3wnaniu do 130 m\u00b2, kt\u00f3re mieli\u015bmy wcze\u015bniej, jest niepor\u00f3wnywalna. Obecnie dysponujemy czterema kondygnacjami: na dole mie\u015bci si\u0119 archiwum, pok\u00f3j socjalny oraz magazyn sprz\u0119tu; na parterze open space oraz gabinet prezesa; na pierwszym pi\u0119trze pok\u00f3j wiceprezesa ds. szkolenia, wiceprezesa ds. s\u0119dziowskich oraz kadry; natomiast na drugim pi\u0119trze znajduje si\u0119 sala konferencyjna, gdzie organizujemy spotkania wydzia\u0142\u00f3w i posiedzenia zarz\u0105du. Miejsca parkingowe r\u00f3wnie\u017c nie stanowi\u0105 ju\u017c problemu. Wcze\u015bniejsza lokalizacja przy ulicy Jurowieckiej by\u0142a zat\u0142oczona przez inne podmioty funkcjonuj\u0105ce w budynku. Brakuje nam jeszcze kilku drobnych rzeczy kosmetycznych, ale pracujemy tu od dw\u00f3ch tygodni, czujemy si\u0119 jak u siebie i wiemy, \u017ce to jest maj\u0105tek trwa\u0142y, kt\u00f3ry pos\u0142u\u017cy pokoleniom &#8211; m\u00f3wi S\u0142awomir Kopczewski, Prezes Podlaskiego Zwi\u0105zku Pi\u0142ki No\u017cnej.<\/p>\n\n\n\n<figure class=\"wp-block-image size-large\"><img loading=\"lazy\" width=\"1024\" height=\"683\" src=\"https:\/\/podlaskizpn.org\/wp-content\/uploads\/2026\/09\/131A9942-1024x683.jpg\" alt=\"\" class=\"wp-image-15586\" srcset=\"https:\/\/podlaskizpn.org\/wp-content\/uploads\/2026\/09\/131A9942-1024x683.jpg 1024w, https:\/\/podlaskizpn.org\/wp-content\/uploads\/2026\/09\/131A9942-300x200.jpg 300w, https:\/\/podlaskizpn.org\/wp-content\/uploads\/2026\/09\/131A9942-768x512.jpg 768w, https:\/\/podlaskizpn.org\/wp-content\/uploads\/2026\/09\/131A9942-1536x1024.jpg 1536w, https:\/\/podlaskizpn.org\/wp-content\/uploads\/2026\/09\/131A9942-2048x1365.jpg 2048w, https:\/\/podlaskizpn.org\/wp-content\/uploads\/2026\/09\/131A9942-128x85.jpg 128w, https:\/\/podlaskizpn.org\/wp-content\/uploads\/2026\/09\/131A9942-32x21.jpg 32w\" sizes=\"(max-width: 1024px) 100vw, 1024px\" \/><\/figure>\n\n\n\n<p>Jakie konkretne atuty i funkcjonalno\u015bci posiada nowy budynek, kt\u00f3rych brakowa\u0142o w dotychczasowej przestrzeni przy ulicy Jurowieckiej?<\/p>\n\n\n\n<p>&#8211; Na Jurowieckiej byli\u015bmy mocno ograniczeni metra\u017cem powierzchni u\u017cytkowej. Tutaj pracownicy maj\u0105 w pe\u0142ni komfortowe warunki. Sala zarz\u0105dowa i konferencyjna pozwala na organizacj\u0119 wszystkich naszych wydarze\u0144, w tym medialnych. Zyskali\u015bmy przede wszystkim spok\u00f3j i komfort pracy. Nie zale\u017ca\u0142o nam na obecno\u015bci w \u015bcis\u0142ym centrum i wynajmowaniu kolejnego lokalu. Trafi\u0142a si\u0119 okazja i sta\u0107 nas by\u0142o na zakup tej nieruchomo\u015bci. Wa\u017cnym argumentem by\u0142a du\u017ca dzia\u0142ka o powierzchni 711 m\u00b2, kt\u00f3ra w zupe\u0142no\u015bci odpowiada naszym potrzebom, oraz gara\u017c, kt\u00f3ry mo\u017cemy wykorzysta\u0107 jako dodatkowy magazyn. Sam budynek jest po generalnym remoncie o wysokim standardzie, co nie generowa\u0142o dodatkowych koszt\u00f3w adaptacyjnych. Do wyposa\u017cenia podeszli\u015bmy \u015bci\u015ble ekonomicznie \u2013 wykorzystali\u015bmy wiele mebli w bardzo dobrym stanie z poprzedniej siedziby. Racjonalnie zarz\u0105dzamy bud\u017cetem, kupuj\u0105c to, co jest nam niezb\u0119dne. Pod\u0142\u0105czenie internetu i instalacje zrealizowali\u015bmy sprawnie, a w aran\u017cacji wn\u0119trz pomog\u0142a nam pani architekt, dzi\u0119ki czemu ca\u0142o\u015b\u0107 jest wykonana ze smakiem i estetyk\u0105 &#8211; dodaje szef podlaskiej pi\u0142ki.<\/p>\n\n\n\n<p>Inwestycja, o kt\u00f3rej mowa nie by\u0142aby mo\u017cliwa, gdyby nie d\u0142ugofalowa strategia zarz\u0105dzania, kt\u00f3ra doprowadzi\u0142a zwi\u0105zek do momentu pozwalaj\u0105cego na sfinansowanie tak powa\u017cnej transakcji.<\/p>\n\n\n\n<p>&#8211; W 2016 roku podj\u0119li\u015bmy strategiczn\u0105 decyzj\u0119 o zmianie siedziby z Fast na ulic\u0119 Jurowieck\u0105 w centrum miasta. Na tamten moment byli\u015bmy bardzo zadowoleni z nowej przestrzeni, dost\u0119pno\u015bci oraz warunk\u00f3w, kt\u00f3re w pe\u0142ni nas satysfakcjonowa\u0142y. Jednak z czasem poprzeczk\u0119 trzeba podnosi\u0107 wy\u017cej i wyznacza\u0107 sobie nowe, ambitniejsze cele. Przenie\u015bli\u015bmy si\u0119 tutaj, zyskuj\u0105c zdecydowanie lepszy standard i komfort, a przede wszystkim obiekt na w\u0142asno\u015b\u0107. Budynek posiada estetyczn\u0105 elewacj\u0119, zadbane otoczenie, widoczny logotyp i znajduje si\u0119 w spokojnej dzielnicy, gdzie funkcjonujemy w dobrych relacjach z s\u0105siadami. Z naszej perspektywy nie jeste\u015bmy uci\u0105\u017cliwi \u2013 pracujemy do godziny 16:00 w trybie biurowym. Ka\u017cdy, kto nas odwiedza, docenia t\u0119 decyzj\u0119. Kiedy\u015b by\u0142o to nie do pomy\u015blenia, jednak dzi\u0119ki wieloletniemu, racjonalnemu zarz\u0105dzaniu bud\u017cetem sta\u0107 nas by\u0142o na sfinansowanie tej inwestycji ze \u015brodk\u00f3w w\u0142asnych &#8211; wyja\u015bnia Kopczewski.<\/p>\n\n\n\n<p>Jak si\u0119 okazuje, w\u0142asna siedziba wcale nie jest powszechn\u0105 praktyk\u0105 w\u015br\u00f3d regionalnych zwi\u0105zk\u00f3w pi\u0142ki no\u017cnej.<\/p>\n\n\n\n<p>&#8211; Podkarpacki Zwi\u0105zek Pi\u0142ki No\u017cnej wybudowa\u0142 swoj\u0105 w\u0142asn\u0105, okaza\u0142\u0105 siedzib\u0119. Warmi\u0144sko-Mazurski ZPN w ubieg\u0142ym tygodniu przeni\u00f3s\u0142 si\u0119 do nowo zakupionego lokalu, a \u015al\u0105ski ZPN od dawna posiada w\u0142asn\u0105 nieruchomo\u015b\u0107 przy ulicy Francuskiej. Pozosta\u0142e zwi\u0105zki w wi\u0119kszo\u015bci wynajmuj\u0105 przestrzenie biurowe, tak jak my do tej pory. Dla nas kluczowe jest to, \u017ce nie ponosimy ju\u017c koszt\u00f3w najmu. To analogiczna sytuacja jak z zakupem mieszkania \u2013 lepiej sp\u0142aca\u0107 kapita\u0142, kt\u00f3ry po czasie stanowi w\u0142asno\u015b\u0107, ni\u017c p\u0142aci\u0107 czynsz. Obecnie ponosimy wy\u0142\u0105cznie koszty eksploatacji oraz podatek od nieruchomo\u015bci &#8211; t\u0142umaczy S\u0142awomir Kopczewski.<\/p>\n\n\n\n<p>Przeprowadzka Podlaskiego Zwi\u0105zku Pi\u0142ki No\u017cnej do w\u0142asnej siedziby zbieg\u0142a si\u0119 w czasie z informacjami przedstawionymi przez Jagielloni\u0119 Bia\u0142ystok, dotycz\u0105cymi rozpocz\u0119cia olbrzymiej inwestycji jak\u0105 b\u0119dzie budowa nowego o\u015brodka treningowego.<\/p>\n\n\n\n<p>&#8211; Chcieliby\u015bmy rozwija\u0107 si\u0119 w takim tempie i z takim rozmachem jak Jagiellonia, cho\u0107 mamy \u015bwiadomo\u015b\u0107 skali. Sukcesy Jagiellonii przy\u0107mi\u0142y wszystkie inne osi\u0105gni\u0119cia sportowe w naszym wojew\u00f3dztwie. To flagowy okr\u0119t regionu, marka rozpoznawalna w Polsce, w Europie i na \u015bwiecie, kt\u00f3ra zapracowa\u0142a na swoj\u0105 pozycj\u0119 \u015bwietnymi wyst\u0119pami w lidze oraz awansem do puchar\u00f3w. Jako zwi\u0105zek cieszymy si\u0119 tak\u017ce z transfer\u00f3w wychodz\u0105cych z klubu, takich jak przej\u015bcie Oskara Pietuszewskiego czy Bartka Mazurka, poniewa\u017c generuj\u0105 one \u015brodki wspieraj\u0105ce rozw\u00f3j wojew\u00f3dzkiego zwi\u0105zku, kt\u00f3re przeznaczyli\u015bmy m.in. na zakup nowej siedziby. Wsp\u00f3\u0142praca z Jagielloni\u0105 od lat stoi na najwy\u017cszym poziomie profesjonalnym &#8211; podsumowuje prezes Podlaskiego ZPN-u\/<\/p>\n\n\n\n<p>&#8211; Jagiellonia stale si\u0119 rozwija, a nowa inwestycja infrastrukturalna przys\u0142u\u017cy si\u0119 ca\u0142emu miastu i regionowi. Liczba boisk w Bia\u0142ymstoku jest obecnie niewystarczaj\u0105ca. Kluby i akademie wynajmuj\u0105 ka\u017cd\u0105 dost\u0119pn\u0105 przestrze\u0144 na zaj\u0119cia treningowe oraz mecze. Powstanie nowego kompleksu pozwoli na korzystanie z pe\u0142nowymiarowych boisk w jednym miejscu, na czym skorzystaj\u0105 wszyscy. Trenerzy od dawna alarmuj\u0105, \u017ce baza boiskowa w mie\u015bcie jest zbyt ma\u0142a. W granicach Bia\u0142egostoku brakuje wolnych grunt\u00f3w pod budow\u0119 tego typu obiekt\u00f3w \u2013 weryfikowali\u015bmy wszystkie potencjalne lokalizacje, \u0142\u0105cznie z terenami na lotnisku. To, czym dysponujemy obecnie, jest obci\u0105\u017cone w stu procentach. Jestem przekonany, \u017ce nowa infrastruktura w perspektywie kilku lat znacz\u0105co podniesie jako\u015b\u0107 szkolenia adept\u00f3w pi\u0142ki no\u017cnej, bo bez nowoczesnej bazy trudno o sta\u0142y post\u0119p &#8211; zako\u0144czy\u0142 S\u0142awomir Kopczewski.<\/p>\n\n\n\n<figure class=\"wp-block-image size-large\"><img loading=\"lazy\" width=\"1024\" height=\"683\" src=\"https:\/\/podlaskizpn.org\/wp-content\/uploads\/2026\/09\/131A9903-1024x683.jpg\" alt=\"\" class=\"wp-image-15587\" srcset=\"https:\/\/podlaskizpn.org\/wp-content\/uploads\/2026\/09\/131A9903-1024x683.jpg 1024w, https:\/\/podlaskizpn.org\/wp-content\/uploads\/2026\/09\/131A9903-300x200.jpg 300w, https:\/\/podlaskizpn.org\/wp-content\/uploads\/2026\/09\/131A9903-768x512.jpg 768w, https:\/\/podlaskizpn.org\/wp-content\/uploads\/2026\/09\/131A9903-1536x1024.jpg 1536w, https:\/\/podlaskizpn.org\/wp-content\/uploads\/2026\/09\/131A9903-2048x1365.jpg 2048w, https:\/\/podlaskizpn.org\/wp-content\/uploads\/2026\/09\/131A9903-128x85.jpg 128w, https:\/\/podlaskizpn.org\/wp-content\/uploads\/2026\/09\/131A9903-32x21.jpg 32w\" sizes=\"(max-width: 1024px) 100vw, 1024px\" \/><\/figure>\n","protected":false},"excerpt":{"rendered":"<p>Przej\u015bcie z najmu na pe\u0142n\u0105 w\u0142asno\u015b\u0107, czterokondygnacyjny budynek o powierzchni 230 m\u00b2 i zaplecze odpowiadaj\u0105ce wsp\u00f3\u0142czesnym standardom zarz\u0105dzania sportem. Prezes Podlaskiego Zwi\u0105zku Pi\u0142ki No\u017cnej, S\u0142awomir Kopczewski, podsumowuje strategiczn\u0105 inwestycj\u0119 w now\u0105 siedzib\u0119, wyja\u015bnia korzy\u015bci ekonomiczne p\u0142yn\u0105ce z zakupu nieruchomo\u015bci oraz ocenia wp\u0142yw sukces\u00f3w i projekt\u00f3w infrastrukturalnych Jagiellonii Bia\u0142ystok na rozw\u00f3j pi\u0142ki no\u017cnej w ca\u0142ym regionie. &hellip;<\/p>\n","protected":false},"author":1,"featured_media":15587,"comment_status":"closed","ping_status":"","sticky":false,"template":"","format":"standard","meta":[],"categories":[1],"tags":[],"_links":{"self":[{"href":"https:\/\/podlaskizpn.org\/index.php\/wp-json\/wp\/v2\/posts\/15584"}],"collection":[{"href":"https:\/\/podlaskizpn.org\/index.php\/wp-json\/wp\/v2\/posts"}],"about":[{"href":"https:\/\/podlaskizpn.org\/index.php\/wp-json\/wp\/v2\/types\/post"}],"author":[{"embeddable":true,"href":"https:\/\/podlaskizpn.org\/index.php\/wp-json\/wp\/v2\/users\/1"}],"replies":[{"embeddable":true,"href":"https:\/\/podlaskizpn.org\/index.php\/wp-json\/wp\/v2\/comments?post=15584"}],"version-history":[{"count":1,"href":"https:\/\/podlaskizpn.org\/index.php\/wp-json\/wp\/v2\/posts\/15584\/revisions"}],"predecessor-version":[{"id":15588,"href":"https:\/\/podlaskizpn.org\/index.php\/wp-json\/wp\/v2\/posts\/15584\/revisions\/15588"}],"wp:featuredmedia":[{"embeddable":true,"href":"https:\/\/podlaskizpn.org\/index.php\/wp-json\/wp\/v2\/media\/15587"}],"wp:attachment":[{"href":"https:\/\/podlaskizpn.org\/index.php\/wp-json\/wp\/v2\/media?parent=15584"}],"wp:term":[{"taxonomy":"category","embeddable":true,"href":"https:\/\/podlaskizpn.org\/index.php\/wp-json\/wp\/v2\/categories?post=15584"},{"taxonomy":"post_tag","embeddable":true,"href":"https:\/\/podlaskizpn.org\/index.php\/wp-json\/wp\/v2\/tags?post=15584"}],"curies":[{"name":"wp","href":"https:\/\/api.w.org\/{rel}","templated":true}]}}