{"id":14829,"date":"2025-11-26T12:13:41","date_gmt":"2025-11-26T12:13:41","guid":{"rendered":"https:\/\/podlaskizpn.org\/?p=14829"},"modified":"2025-11-26T12:13:41","modified_gmt":"2025-11-26T12:13:41","slug":"konferencja-szkoleniowa-podlaskiego-zpn-2025","status":"publish","type":"post","link":"https:\/\/podlaskizpn.org\/index.php\/2025\/11\/26\/konferencja-szkoleniowa-podlaskiego-zpn-2025\/","title":{"rendered":"KONFERENCJA SZKOLENIOWA PODLASKIEGO ZPN 2025"},"content":{"rendered":"\n<p>Konferencja Szkoleniowa Podlaskiego ZPN<\/p>\n\n\n\n<p>miejsce: Chorten Arena w Bia\u0142ymstoku ul. S\u0142oneczna 1<\/p>\n\n\n\n<p>strefa pomara\u0144czowa, wjazd przez bram\u0119 od ul. Cio\u0142kowskiego<\/p>\n\n\n\n<p>termin: 29.11.2025<\/p>\n\n\n\n<p>9:00 \u2013 Rozpocz\u0119cie Konferencji \u2013 <strong>Prezes Podlaskiego ZPN S\u0142awomir Kopczewski<\/strong><\/p>\n\n\n\n<p>9:15 \u2013 10:30 \u2013 Zawodnik przyspieszaj\u0105cy gr\u0119 w ataku \u2013 kto i jak go szkoli\u0107 na Podlasiu<\/p>\n\n\n\n<p><strong>Mi\u0142osz St\u0119pi\u0144ski &#8211; Trener Selekcjoner Reprezentacji Polski U-20<\/strong><\/p>\n\n\n\n<p>10:30-12:00 \u2013 Wykorzystanie potencja\u0142u zawodnika na podstawie do\u015bwiadcze\u0144 pracy w klubach i reprezentacjach Polski<\/p>\n\n\n\n<p><strong>Jerzy Brz\u0119czek \u2013 Trener Selekcjoner Reprezentacji Polski &nbsp;U-21<\/strong><\/p>\n\n\n\n<p><strong>12:00-12:30 Przerwa kawowa<\/strong><\/p>\n\n\n\n<p>12:30 \u2013 13:30 \u2013 Indywidualizacja w procesie szkolenia na przyk\u0142adzie Akademii Jagiellonia Bia\u0142ystok<\/p>\n\n\n\n<p>&nbsp;<strong>Przemys\u0142aw Papiernik \u2013 Dyrektor Akademii \u201eJagiellonia\u201d Bia\u0142ystok<\/strong><\/p>\n\n\n\n<p>13:45 \u2013 14:45 \u2013 Od juniora do lidera- wprowadzanie m\u0142odych zawodnik\u00f3w do dru\u017cyny seniorskiej.<\/p>\n\n\n\n<p><strong>Marcin Banicki \u2013 Trener \u201eTuro\u015bnianka\u201d Turo\u015b\u0144 Ko\u015bcielna<\/strong><\/p>\n\n\n\n<p>Partnerem wydarzeni jest \u201dAsystent Trenera\u201d, wydawnictwo zaprezentuje swoj\u0105 ofert\u0119.<\/p>\n\n\n\n<p>Punkty do licencji trenerskich:<\/p>\n\n\n\n<p>UEFA PRO \u2013 3<\/p>\n\n\n\n<p>UEFA A, UEFA EYA, UEFA B, UEFA C (\u00a0\u00a0GRASS C ) &#8211; 5<\/p>\n\n\n\n<p>Ilo\u015b\u0107 miejsc ograniczona &#8211; zapisy PZPN24<\/p>\n","protected":false},"excerpt":{"rendered":"<p>Konferencja Szkoleniowa Podlaskiego ZPN miejsce: Chorten Arena w Bia\u0142ymstoku ul. S\u0142oneczna 1 strefa pomara\u0144czowa, wjazd przez bram\u0119 od ul. Cio\u0142kowskiego termin: 29.11.2025 9:00 \u2013 Rozpocz\u0119cie Konferencji \u2013 Prezes Podlaskiego ZPN S\u0142awomir Kopczewski 9:15 \u2013 10:30 \u2013 Zawodnik przyspieszaj\u0105cy gr\u0119 w ataku \u2013 kto i jak go szkoli\u0107 na Podlasiu Mi\u0142osz St\u0119pi\u0144ski &#8211; Trener Selekcjoner Reprezentacji &hellip;<\/p>\n","protected":false},"author":1,"featured_media":14830,"comment_status":"closed","ping_status":"","sticky":false,"template":"","format":"standard","meta":[],"categories":[42],"tags":[],"_links":{"self":[{"href":"https:\/\/podlaskizpn.org\/index.php\/wp-json\/wp\/v2\/posts\/14829"}],"collection":[{"href":"https:\/\/podlaskizpn.org\/index.php\/wp-json\/wp\/v2\/posts"}],"about":[{"href":"https:\/\/podlaskizpn.org\/index.php\/wp-json\/wp\/v2\/types\/post"}],"author":[{"embeddable":true,"href":"https:\/\/podlaskizpn.org\/index.php\/wp-json\/wp\/v2\/users\/1"}],"replies":[{"embeddable":true,"href":"https:\/\/podlaskizpn.org\/index.php\/wp-json\/wp\/v2\/comments?post=14829"}],"version-history":[{"count":1,"href":"https:\/\/podlaskizpn.org\/index.php\/wp-json\/wp\/v2\/posts\/14829\/revisions"}],"predecessor-version":[{"id":14831,"href":"https:\/\/podlaskizpn.org\/index.php\/wp-json\/wp\/v2\/posts\/14829\/revisions\/14831"}],"wp:featuredmedia":[{"embeddable":true,"href":"https:\/\/podlaskizpn.org\/index.php\/wp-json\/wp\/v2\/media\/14830"}],"wp:attachment":[{"href":"https:\/\/podlaskizpn.org\/index.php\/wp-json\/wp\/v2\/media?parent=14829"}],"wp:term":[{"taxonomy":"category","embeddable":true,"href":"https:\/\/podlaskizpn.org\/index.php\/wp-json\/wp\/v2\/categories?post=14829"},{"taxonomy":"post_tag","embeddable":true,"href":"https:\/\/podlaskizpn.org\/index.php\/wp-json\/wp\/v2\/tags?post=14829"}],"curies":[{"name":"wp","href":"https:\/\/api.w.org\/{rel}","templated":true}]}}