{"id":14688,"date":"2025-09-19T11:32:25","date_gmt":"2025-09-19T11:32:25","guid":{"rendered":"https:\/\/podlaskizpn.org\/?p=14688"},"modified":"2025-09-19T11:32:25","modified_gmt":"2025-09-19T11:32:25","slug":"u20-portugalia-nieznacznie-lepsza-przy-zarzeczu","status":"publish","type":"post","link":"https:\/\/podlaskizpn.org\/index.php\/2025\/09\/19\/u20-portugalia-nieznacznie-lepsza-przy-zarzeczu\/","title":{"rendered":"U20: Portugalia nieznacznie lepsza przy Zarzeczu"},"content":{"rendered":"\n<p><strong>Na stadionie Wigier przy Zarzeczu w Suwa\u0142kach reprezentacja Polski U20 zmierzy\u0142a si\u0119 <\/strong><strong>z Portugali\u0105. Mecz zako\u0144czy\u0142 si\u0119 wynikiem 1:2, a emocji nie brakowa\u0142o do samego ko\u0144<\/strong><strong>ca. Ca\u0142e wydarzenie po meczu podsumowa\u0142 prezes Podlaskiego Zwi\u0105zku Pi\u0142ki No\u017cnej, a zarazem wiceprezes PZPN ds. szkolenia, S\u0142awomir Kopczewski oraz selekcjoner Bia\u0142o-Czerwonych, Mi\u0142osz St\u0119pi\u0144ski.<\/strong><\/p>\n\n\n\n<p>&#8211; Przede wszystkim chcia\u0142bym bardzo serdecznie podzi\u0119kowa\u0107 panu prezydentowi miasta Suwa\u0142ki, Czes\u0142awowi Renkiewiczowi, za wzorow\u0105 organizacj\u0119 wydarzenia, a tak\u017ce w\u0142adzom klubu Wigry Suwa\u0142ki, w szczeg\u00f3lno\u015bci Dariuszowi Mazurowi, oraz wszystkim przyjacio\u0142om z suwalskich Wigier. Stan\u0119li oni na wysoko\u015bci zadania i jestem przekonany, \u017ce tego typu imprezy b\u0119d\u0105 cz\u0119\u015bciej go\u015bci\u0107 na stadionie przy ulicy Zarzecze &#8211; powiedzia\u0142 po meczu S\u0142awomir Kopczewski.<\/p>\n\n\n\n<figure class=\"wp-block-image size-large\"><img loading=\"lazy\" width=\"1024\" height=\"683\" src=\"https:\/\/podlaskizpn.org\/wp-content\/uploads\/2025\/09\/20250909_POL_POR_U20073-1024x683.jpg\" alt=\"\" class=\"wp-image-14689\" srcset=\"https:\/\/podlaskizpn.org\/wp-content\/uploads\/2025\/09\/20250909_POL_POR_U20073-1024x683.jpg 1024w, https:\/\/podlaskizpn.org\/wp-content\/uploads\/2025\/09\/20250909_POL_POR_U20073-300x200.jpg 300w, https:\/\/podlaskizpn.org\/wp-content\/uploads\/2025\/09\/20250909_POL_POR_U20073-768x512.jpg 768w, https:\/\/podlaskizpn.org\/wp-content\/uploads\/2025\/09\/20250909_POL_POR_U20073-1536x1024.jpg 1536w, https:\/\/podlaskizpn.org\/wp-content\/uploads\/2025\/09\/20250909_POL_POR_U20073-2048x1365.jpg 2048w, https:\/\/podlaskizpn.org\/wp-content\/uploads\/2025\/09\/20250909_POL_POR_U20073-128x85.jpg 128w, https:\/\/podlaskizpn.org\/wp-content\/uploads\/2025\/09\/20250909_POL_POR_U20073-32x21.jpg 32w\" sizes=\"(max-width: 1024px) 100vw, 1024px\" \/><\/figure>\n\n\n\n<p>&#8211; Jeste\u015bmy pod du\u017cym wra\u017ceniem gry Portugalczyk\u00f3w, ale nie ukrywam, \u017ce ciesz\u0119 si\u0119 r\u00f3wnie\u017c z bardzo dobrej postawy Polak\u00f3w. Sam mecz zako\u0144czy\u0142 si\u0119 wynikiem 1:2, a emocji nie brakowa\u0142o do samego ko\u0144ca. Ogl\u0105dali\u015bmy naprawd\u0119 \u0142adne bramki i kilka niewykorzystanych sytuacji \u2013 zar\u00f3wno po jednej, jak i po drugiej stronie. Tak jak ju\u017c wspomnia\u0142em, to jest narybek \u2013 zawodnicy, kt\u00f3rzy pr\u0119dzej czy p\u00f3\u017aniej trafi\u0105 do pierwszej reprezentacji. Trener Mi\u0142osz St\u0119pi\u0144ski wykonuje znakomit\u0105 prac\u0119. Od lat uchodzi za \u015bwietnego \u0142owc\u0119 talent\u00f3w \u2013 i to takich nieoczywistych, kt\u00f3rych nie boi si\u0119 wyszukiwa\u0107, na kt\u00f3rych nie boi si\u0119 stawia\u0107, a jednocze\u015bnie wskazuje im w\u0142a\u015bciwy kierunek rozwoju &#8211; doda\u0142 wiceprezes ds. szkolenia Polskiego Zwi\u0105zku PI\u0142ki No\u017cnej.<\/p>\n\n\n\n<p>&#8211; Nasz\u0105 reprezentacj\u0119 zawsze oceniamy w dw\u00f3ch aspektach. Pierwszy to oczywi\u015bcie wynik \u2013 reprezentujemy sw\u00f3j kraj, wi\u0119c naturalne jest, \u017ce zawsze gramy o zwyci\u0119stwo. Drugi, wa\u017cniejszy w tym momencie, to aspekt selekcyjny. Wielu z tych zawodnik\u00f3w dopiero poznajemy, dlatego musieli\u015bmy ich sprawdzi\u0107. Pierwsz\u0105 selekcj\u0119 przeprowadzili\u015bmy w Warszawie, teraz przysz\u0142a pora na drug\u0105. Trening to jedno, ale dopiero mecz daje prawdziwe odpowiedzi: kto daje rad\u0119, a kto jeszcze nie. Przed nami kolejne etapy i kolejni pi\u0142karze, kt\u00f3rych b\u0119dziemy obserwowa\u0107 &#8211; t\u0142umaczy\u0142 Mi\u0142osz St\u0119pi\u0144ski i doda\u0142 &#8211; Nasz\u0105 rol\u0105 jest wyszukiwanie zawodnik\u00f3w, kt\u00f3rzy \u2013 je\u015bli trener Brz\u0119czek b\u0119dzie ich potrzebowa\u0142 \u2013 mog\u0105 od razu trafi\u0107 do U21. Gramy w Elite Lidze z bardzo wymagaj\u0105cymi rywalami, wi\u0119c trudno\u015b\u0107 jest tym wi\u0119ksza. Tak naprawd\u0119 mamy tylko trzy treningi, a p\u00f3\u017aniej wychodzimy na boisko przeciwko takim zespo\u0142om jak Portugalia.<\/p>\n\n\n\n<figure class=\"wp-block-image size-large\"><img loading=\"lazy\" width=\"1024\" height=\"683\" src=\"https:\/\/podlaskizpn.org\/wp-content\/uploads\/2025\/09\/20250909_POL_POR_U20007-1024x683.jpg\" alt=\"\" class=\"wp-image-14690\" srcset=\"https:\/\/podlaskizpn.org\/wp-content\/uploads\/2025\/09\/20250909_POL_POR_U20007-1024x683.jpg 1024w, https:\/\/podlaskizpn.org\/wp-content\/uploads\/2025\/09\/20250909_POL_POR_U20007-300x200.jpg 300w, https:\/\/podlaskizpn.org\/wp-content\/uploads\/2025\/09\/20250909_POL_POR_U20007-768x512.jpg 768w, https:\/\/podlaskizpn.org\/wp-content\/uploads\/2025\/09\/20250909_POL_POR_U20007-1536x1024.jpg 1536w, https:\/\/podlaskizpn.org\/wp-content\/uploads\/2025\/09\/20250909_POL_POR_U20007-2048x1365.jpg 2048w, https:\/\/podlaskizpn.org\/wp-content\/uploads\/2025\/09\/20250909_POL_POR_U20007-128x85.jpg 128w, https:\/\/podlaskizpn.org\/wp-content\/uploads\/2025\/09\/20250909_POL_POR_U20007-32x21.jpg 32w\" sizes=\"(max-width: 1024px) 100vw, 1024px\" \/><\/figure>\n\n\n\n<p>Je\u015bli chodzi o element selekcyjny, jestem zadowolony \u2013 sprawdzili\u015bmy tych, kt\u00f3rych chcieli\u015bmy, zobaczyli\u015bmy organizacj\u0119 gry, mocne i s\u0142absze strony. Pierwsza po\u0142owa by\u0142a jednak bardzo s\u0142aba. Nie wiem, dlaczego wyszli\u015bmy przestraszeni i nie chcieli\u015bmy gra\u0107 w pi\u0142k\u0119. Pojawia\u0142o si\u0119 mn\u00f3stwo z\u0142ych decyzji w ataku, brakowa\u0142o odwagi. W przerwie mocno o tym porozmawiali\u015bmy. Przypomnia\u0142em ch\u0142opakom, \u017ce to jest mecz, w kt\u00f3rym maj\u0105 si\u0119 pokaza\u0107, \u017ce wiedz\u0105, co trenowali\u015bmy i jak chcemy gra\u0107 &#8211; wyja\u015bni\u0142 selekcjoner reprezentacji U20.<\/p>\n\n\n\n<figure class=\"wp-block-image size-large\"><img loading=\"lazy\" width=\"1024\" height=\"683\" src=\"https:\/\/podlaskizpn.org\/wp-content\/uploads\/2025\/09\/20250909_POL_POR_U20063-1024x683.jpg\" alt=\"\" class=\"wp-image-14691\" srcset=\"https:\/\/podlaskizpn.org\/wp-content\/uploads\/2025\/09\/20250909_POL_POR_U20063-1024x683.jpg 1024w, https:\/\/podlaskizpn.org\/wp-content\/uploads\/2025\/09\/20250909_POL_POR_U20063-300x200.jpg 300w, https:\/\/podlaskizpn.org\/wp-content\/uploads\/2025\/09\/20250909_POL_POR_U20063-768x512.jpg 768w, https:\/\/podlaskizpn.org\/wp-content\/uploads\/2025\/09\/20250909_POL_POR_U20063-1536x1024.jpg 1536w, https:\/\/podlaskizpn.org\/wp-content\/uploads\/2025\/09\/20250909_POL_POR_U20063-2048x1365.jpg 2048w, https:\/\/podlaskizpn.org\/wp-content\/uploads\/2025\/09\/20250909_POL_POR_U20063-128x85.jpg 128w, https:\/\/podlaskizpn.org\/wp-content\/uploads\/2025\/09\/20250909_POL_POR_U20063-32x21.jpg 32w\" sizes=\"(max-width: 1024px) 100vw, 1024px\" \/><\/figure>\n\n\n\n<p>Druga po\u0142owa by\u0142a ju\u017c znacznie lepsza w ofensywie. Pr\u00f3bowali\u015bmy gra\u0107 w pi\u0142k\u0119, ale trzeba uczciwie powiedzie\u0107, \u017ce Portugalia by\u0142a dzi\u015b zespo\u0142em zdecydowanie lepszym. Szczeg\u00f3lnie wida\u0107 to by\u0142o w pojedynkach indywidualnych \u2013 tam mieli\u015bmy ogromny problem. Co roku mierzymy si\u0119 z tym samym: jako dru\u017cyna potrafimy rywalizowa\u0107, ale w mikro-taktyce, w grze jeden na jeden, odstajemy. Do tego dochodzi pi\u0142karski luz Portugalczyk\u00f3w, ich spok\u00f3j z pi\u0142k\u0105, utrzymanie przy niej \u2013 to robi\u0142o r\u00f3\u017cnic\u0119. Cz\u0119sto nasze doskoki ko\u0144czy\u0142y si\u0119 faulem, ale mieli\u015bmy \u015bwiadomo\u015b\u0107, jakim rywalem jest Portugalia. Wyci\u0105gn\u0119li\u015bmy wnioski, przygotujemy raport i szykujemy trzeci etap selekcji. W pa\u017adzierniku gramy ze Szwajcari\u0105 i zn\u00f3w pojawi\u0105 si\u0119 nowi zawodnicy. Taka jest rola kadry U20 \u2013 nie gramy na wynik, ale na wy\u0142awianie indywidualno\u015bci. Szkoda, \u017ce nie uda\u0142o si\u0119 odwdzi\u0119czy\u0107 lepszym rezultatem za znakomite warunki, jakie zapewnili nam prezes Padewski i dzia\u0142acze Wigier. Organizacja by\u0142a na najwy\u017cszym poziomie, niczego nam nie brakowa\u0142o &#8211; powiedzia\u0142 selekcjoner, Mi\u0142osz St\u0119pi\u0144ski.<\/p>\n\n\n\n<p>&#8211; Wygran\u0105 zgrupowania jest Suwalszczyzna. To miejsce z fantastycznym klimatem, kibicami i \u015bwietn\u0105 organizacj\u0105 \u2013 naprawd\u0119 godne polecenia. Co do zawodnik\u00f3w, nigdy nie wypowiadamy si\u0119 oficjalnie o indywidualno\u015bciach \u2013 to nasz wewn\u0119trzny temat. Przed nami kolejne zgrupowania i kolejne nazwiska do sprawdzenia. Z niekt\u00f3rymi zawodnikami si\u0119 po\u017cegnamy, bo kadra musi liczy\u0107 22 pi\u0142karzy, ale dojd\u0105 te\u017c nowi. By\u0107 mo\u017ce trener Brz\u0119czek z U21 poprosi o sprawdzenie kogo\u015b z tej grupy. U20 to w pewnym sensie zesp\u00f3\u0142 rezerw \u2013 naszym zadaniem jest zapewnienie U21 solidnego zaplecza i pomoc w ograniu zawodnik\u00f3w, kt\u00f3rzy w klubach maj\u0105 z tym problem. Dlatego wynik to jedno, a proces selekcji \u2013 to drugie i wa\u017cniejsze. Szkoda pora\u017cki, ale cel zosta\u0142 zrealizowany &#8211; podsumowa\u0142 St\u0119pi\u0144ski.<\/p>\n\n\n\n<figure class=\"wp-block-image size-large\"><img loading=\"lazy\" width=\"1024\" height=\"683\" src=\"https:\/\/podlaskizpn.org\/wp-content\/uploads\/2025\/09\/20250909_POL_POR_U20002-1024x683.jpg\" alt=\"\" class=\"wp-image-14692\" srcset=\"https:\/\/podlaskizpn.org\/wp-content\/uploads\/2025\/09\/20250909_POL_POR_U20002-1024x683.jpg 1024w, https:\/\/podlaskizpn.org\/wp-content\/uploads\/2025\/09\/20250909_POL_POR_U20002-300x200.jpg 300w, https:\/\/podlaskizpn.org\/wp-content\/uploads\/2025\/09\/20250909_POL_POR_U20002-768x512.jpg 768w, https:\/\/podlaskizpn.org\/wp-content\/uploads\/2025\/09\/20250909_POL_POR_U20002-1536x1024.jpg 1536w, https:\/\/podlaskizpn.org\/wp-content\/uploads\/2025\/09\/20250909_POL_POR_U20002-2048x1365.jpg 2048w, https:\/\/podlaskizpn.org\/wp-content\/uploads\/2025\/09\/20250909_POL_POR_U20002-128x85.jpg 128w, https:\/\/podlaskizpn.org\/wp-content\/uploads\/2025\/09\/20250909_POL_POR_U20002-32x21.jpg 32w\" sizes=\"(max-width: 1024px) 100vw, 1024px\" \/><\/figure>\n\n\n\n<p>Kt\u00f3ra reprezentacja zago\u015bci na Podlasiu jako nast\u0119pna i kiedy mo\u017cemy si\u0119 tego spodziewa\u0107?<\/p>\n\n\n\n<p>&#8211; Tego jeszcze nie wiem, musimy poczeka\u0107 na decyzje. Natomiast wida\u0107 wyra\u017anie, \u017ce reprezentacje przyje\u017cd\u017caj\u0105 na Podlasie bardzo ch\u0119tnie. Portugalczycy byli pod ogromnym wra\u017ceniem organizacji meczu w Suwa\u0142kach, a reprezentacja prowadzona przez trenera Mi\u0142osza St\u0119pi\u0144skiego jest u nas cz\u0119stym go\u015bciem i r\u00f3wnie\u017c wysoko ocenia warunki, jakie im tutaj stwarzamy &#8211; zako\u0144czy\u0142 Kopczewski.<\/p>\n\n\n\n<p><br><strong>Polska U20 &#8211;<\/strong><strong> Portugalia U20 1:2 (0:0)<\/strong><\/p>\n\n\n\n<p><strong>Bramki:<\/strong> Bart\u0142omiej Bara\u0144ski 82\u2019 \u2013 Gustavo Ferreira 47\u2019, Gon\u00e7alo Moreira 72\u2019<\/p>\n\n\n\n<p><strong>Polska U20:<\/strong> Miku\u0142ko \u2013 Kolanko (61\u2019 Predenkiewicz), Le\u015bniak-Paduch, Orlikowski (68\u2019 Przyby\u0142ko), Meyer (46\u2019 Lewicki), Krzy\u017canowski \u2013 Urba\u0144ski (85\u2019 Sznaucner), Kalemba (61\u2019 Olejnik), Borys (68\u2019 &nbsp;Bara\u0144ski), Lisman (46\u2019 Miko\u0142ajewski) \u2013 9. \u015amiglewski (61\u2019 B\u0105k).<\/p>\n\n\n\n<p><strong>Portugalia U20:<\/strong> Ribeiro \u2013 Peixoto (87\u2019 Santos), Ribeiro (87\u2019 Momade), Alves (81\u2019 Gomes), Parente (87\u2019 Oliveira) \u2013 Sousa (68\u2019 Cardoso), Moreira (81\u2019 Assis), Rego (46\u2019 Silva), Couto (46\u2019 Tom\u00e9), Mendon\u00e7a (68\u2019 Costa) \u2013 Ribeiro (46\u2019 Ferreira).<\/p>\n\n\n\n<p>Partner wydarzenia : wojew\u00f3dztwo podlaskie<\/p>\n\n\n\n<figure class=\"wp-block-image size-large\"><img loading=\"lazy\" width=\"1024\" height=\"646\" src=\"https:\/\/podlaskizpn.org\/wp-content\/uploads\/2022\/06\/Podlaskie1-1024x646.jpg\" alt=\"\" class=\"wp-image-10159\" srcset=\"https:\/\/podlaskizpn.org\/wp-content\/uploads\/2022\/06\/Podlaskie1-1024x646.jpg 1024w, https:\/\/podlaskizpn.org\/wp-content\/uploads\/2022\/06\/Podlaskie1-300x189.jpg 300w, https:\/\/podlaskizpn.org\/wp-content\/uploads\/2022\/06\/Podlaskie1-768x485.jpg 768w, https:\/\/podlaskizpn.org\/wp-content\/uploads\/2022\/06\/Podlaskie1-1536x969.jpg 1536w, https:\/\/podlaskizpn.org\/wp-content\/uploads\/2022\/06\/Podlaskie1-128x81.jpg 128w, https:\/\/podlaskizpn.org\/wp-content\/uploads\/2022\/06\/Podlaskie1-32x20.jpg 32w, https:\/\/podlaskizpn.org\/wp-content\/uploads\/2022\/06\/Podlaskie1.jpg 2048w\" sizes=\"(max-width: 1024px) 100vw, 1024px\" \/><\/figure>\n","protected":false},"excerpt":{"rendered":"<p>Na stadionie Wigier przy Zarzeczu w Suwa\u0142kach reprezentacja Polski U20 zmierzy\u0142a si\u0119 z Portugali\u0105. Mecz zako\u0144czy\u0142 si\u0119 wynikiem 1:2, a emocji nie brakowa\u0142o do samego ko\u0144ca. Ca\u0142e wydarzenie po meczu podsumowa\u0142 prezes Podlaskiego Zwi\u0105zku Pi\u0142ki No\u017cnej, a zarazem wiceprezes PZPN ds. szkolenia, S\u0142awomir Kopczewski oraz selekcjoner Bia\u0142o-Czerwonych, Mi\u0142osz St\u0119pi\u0144ski. &#8211; Przede wszystkim chcia\u0142bym bardzo serdecznie &hellip;<\/p>\n","protected":false},"author":1,"featured_media":14693,"comment_status":"closed","ping_status":"","sticky":false,"template":"","format":"standard","meta":[],"categories":[33],"tags":[],"_links":{"self":[{"href":"https:\/\/podlaskizpn.org\/index.php\/wp-json\/wp\/v2\/posts\/14688"}],"collection":[{"href":"https:\/\/podlaskizpn.org\/index.php\/wp-json\/wp\/v2\/posts"}],"about":[{"href":"https:\/\/podlaskizpn.org\/index.php\/wp-json\/wp\/v2\/types\/post"}],"author":[{"embeddable":true,"href":"https:\/\/podlaskizpn.org\/index.php\/wp-json\/wp\/v2\/users\/1"}],"replies":[{"embeddable":true,"href":"https:\/\/podlaskizpn.org\/index.php\/wp-json\/wp\/v2\/comments?post=14688"}],"version-history":[{"count":1,"href":"https:\/\/podlaskizpn.org\/index.php\/wp-json\/wp\/v2\/posts\/14688\/revisions"}],"predecessor-version":[{"id":14694,"href":"https:\/\/podlaskizpn.org\/index.php\/wp-json\/wp\/v2\/posts\/14688\/revisions\/14694"}],"wp:featuredmedia":[{"embeddable":true,"href":"https:\/\/podlaskizpn.org\/index.php\/wp-json\/wp\/v2\/media\/14693"}],"wp:attachment":[{"href":"https:\/\/podlaskizpn.org\/index.php\/wp-json\/wp\/v2\/media?parent=14688"}],"wp:term":[{"taxonomy":"category","embeddable":true,"href":"https:\/\/podlaskizpn.org\/index.php\/wp-json\/wp\/v2\/categories?post=14688"},{"taxonomy":"post_tag","embeddable":true,"href":"https:\/\/podlaskizpn.org\/index.php\/wp-json\/wp\/v2\/tags?post=14688"}],"curies":[{"name":"wp","href":"https:\/\/api.w.org\/{rel}","templated":true}]}}