{"id":14535,"date":"2025-08-19T11:25:29","date_gmt":"2025-08-19T11:25:29","guid":{"rendered":"https:\/\/podlaskizpn.org\/?p=14535"},"modified":"2025-08-27T13:53:05","modified_gmt":"2025-08-27T13:53:05","slug":"akademia-grassroots-2025","status":"publish","type":"post","link":"https:\/\/podlaskizpn.org\/index.php\/2025\/08\/19\/akademia-grassroots-2025\/","title":{"rendered":"AKADEMIA GRASSROOTS 2025"},"content":{"rendered":"\n<p>29 WRZE\u015aNIA 2025 NA STADIONIE MIEJSKIM W WYSOKIEM MAZOWIECKIEM ODB\u0118DZIE SI\u0118 PUNKTOWANA KONFERENCJA &#8220;Akademia Grassroots 2025&#8221;<\/p>\n\n\n\n<p>Program konferencji:<br>09:30 \u2013 09:45 Otwarcie konferencji przez Prezesa Wojew\u00f3dzkiego ZPN <br>DZIA\u0141ANIA INDYWIDUALNE JAKO FUNDAMENT ROZWOJU ZAWODNIKA (PRZYJ\u0118CIE PI\u0141KI) \u2013 ORLIK<br>09:45 \u2013 10:00 Wprowadzenie do treningu <br>10:00 \u2013 11:00 Trening<br>11:00 \u2013 11:15 Pytania oraz podsumowanie treningu<br>ROZW\u00d3J INDYWIDUALNY ZAWODNIK\u00d3W W TRENINGU GRUPOWYM \u2013 M\u0141ODZIK<br>11:15 \u2013 11:30 Wprowadzenie do treningu <br>11:30 \u2013 12:30 Trening<br>12:30 \u2013 12:45 Pytania oraz podsumowanie treningu<br>ROZW\u00d3J INDYWIDUALNY ZAWODNIK\u00d3W W TRENINGU ZESPO\u0141OWYM \u2013 TRAMPKARZ<br>12:45 \u2013 13:00 Wprowadzenie do treningu <br>13:00 \u2013 14:00 Trening<br>14:00 \u2013 14:15 Pytania oraz podsumowanie treningu<\/p>\n\n\n\n<figure class=\"wp-block-table\"><table><tbody><tr><td><strong>Punkty do przed\u0142u\u017cenia licencji<\/strong><\/td><\/tr><tr><td><strong>Licencja<\/strong><\/td><td><strong>Liczba punkt\u00f3w<\/strong><\/td><\/tr><tr><td>UEFA A\/Elite Youth A<\/td><td>3<\/td><\/tr><tr><td>UEFA B\/ Youth B<\/td><td>5<\/td><\/tr><tr><td>UEFA C<\/td><td>5<\/td><\/tr><tr><td>Futsal B\/Futsal C<\/td><td>3<\/td><\/tr><\/tbody><\/table><\/figure>\n\n\n\n<p>ZAPISY PZPN24<\/p>\n","protected":false},"excerpt":{"rendered":"<p>29 WRZE\u015aNIA 2025 NA STADIONIE MIEJSKIM W WYSOKIEM MAZOWIECKIEM ODB\u0118DZIE SI\u0118 PUNKTOWANA KONFERENCJA &#8220;Akademia Grassroots 2025&#8221; Program konferencji:09:30 \u2013 09:45 Otwarcie konferencji przez Prezesa Wojew\u00f3dzkiego ZPN DZIA\u0141ANIA INDYWIDUALNE JAKO FUNDAMENT ROZWOJU ZAWODNIKA (PRZYJ\u0118CIE PI\u0141KI) \u2013 ORLIK09:45 \u2013 10:00 Wprowadzenie do treningu 10:00 \u2013 11:00 Trening11:00 \u2013 11:15 Pytania oraz podsumowanie treninguROZW\u00d3J INDYWIDUALNY ZAWODNIK\u00d3W W TRENINGU &hellip;<\/p>\n","protected":false},"author":1,"featured_media":14536,"comment_status":"closed","ping_status":"closed","sticky":false,"template":"","format":"standard","meta":[],"categories":[42,43],"tags":[],"_links":{"self":[{"href":"https:\/\/podlaskizpn.org\/index.php\/wp-json\/wp\/v2\/posts\/14535"}],"collection":[{"href":"https:\/\/podlaskizpn.org\/index.php\/wp-json\/wp\/v2\/posts"}],"about":[{"href":"https:\/\/podlaskizpn.org\/index.php\/wp-json\/wp\/v2\/types\/post"}],"author":[{"embeddable":true,"href":"https:\/\/podlaskizpn.org\/index.php\/wp-json\/wp\/v2\/users\/1"}],"replies":[{"embeddable":true,"href":"https:\/\/podlaskizpn.org\/index.php\/wp-json\/wp\/v2\/comments?post=14535"}],"version-history":[{"count":1,"href":"https:\/\/podlaskizpn.org\/index.php\/wp-json\/wp\/v2\/posts\/14535\/revisions"}],"predecessor-version":[{"id":14537,"href":"https:\/\/podlaskizpn.org\/index.php\/wp-json\/wp\/v2\/posts\/14535\/revisions\/14537"}],"wp:featuredmedia":[{"embeddable":true,"href":"https:\/\/podlaskizpn.org\/index.php\/wp-json\/wp\/v2\/media\/14536"}],"wp:attachment":[{"href":"https:\/\/podlaskizpn.org\/index.php\/wp-json\/wp\/v2\/media?parent=14535"}],"wp:term":[{"taxonomy":"category","embeddable":true,"href":"https:\/\/podlaskizpn.org\/index.php\/wp-json\/wp\/v2\/categories?post=14535"},{"taxonomy":"post_tag","embeddable":true,"href":"https:\/\/podlaskizpn.org\/index.php\/wp-json\/wp\/v2\/tags?post=14535"}],"curies":[{"name":"wp","href":"https:\/\/api.w.org\/{rel}","templated":true}]}}