{"id":14283,"date":"2025-05-28T13:13:23","date_gmt":"2025-05-28T13:13:23","guid":{"rendered":"https:\/\/podlaskizpn.org\/?p=14283"},"modified":"2025-05-30T10:42:06","modified_gmt":"2025-05-30T10:42:06","slug":"reprezentacja-podlaskiego-zpn-u14-w-finalach-turnieju-o-puchar-im-k-deyny","status":"publish","type":"post","link":"https:\/\/podlaskizpn.org\/index.php\/2025\/05\/28\/reprezentacja-podlaskiego-zpn-u14-w-finalach-turnieju-o-puchar-im-k-deyny\/","title":{"rendered":"Reprezentacja Podlaskiego ZPN U14 w fina\u0142ach turnieju o Puchar im. K.Deyny"},"content":{"rendered":"\n<p>Na kolejk\u0119 przed zako\u0144czeniem eliminacji m\u0142odzi pi\u0142karze z rocznika 2011 zapewnili sobie awans do Turnieju Fina\u0142owego rozgrywek o Puchar im. K.Deyny. Podlasianie w pokonanym polu zostawili reprezentacje : Pomorskiego ZPN, Kujawsko-Pomorskiego ZPN i Warmi\u0144sko -Mazurskiego ZPN.<\/p>\n\n\n\n<p>Mecz V kolejki rozgrywek :<\/p>\n\n\n\n<p>Podlaski ZPN U14 \u2013 Kujawsko-Pomorski ZPN U14<\/p>\n\n\n\n<p>&nbsp;Wynik :&nbsp;&nbsp;&nbsp;&nbsp;&nbsp;&nbsp;&nbsp;&nbsp;&nbsp;&nbsp;&nbsp;&nbsp;&nbsp;&nbsp;&nbsp;&nbsp;&nbsp;&nbsp;&nbsp;&nbsp;&nbsp;&nbsp;&nbsp;&nbsp;&nbsp;&nbsp;&nbsp;&nbsp; 9:1<\/p>\n\n\n\n<p>Bramki dla Podlaskiego ZPN :<\/p>\n\n\n\n<p>Fiedorowicz Dawid \u2013 6, Kubas Mateusz \u2013 2, oraz&nbsp; Petraszko Adrian<\/p>\n\n\n\n<p>Sk\u0142ad reprezentacji U-14 Podlaskiego ZPN<\/p>\n\n\n\n<ol type=\"1\"><li>Kowalczyk Marcin &#8211; AP Jagiellonia Bia\u0142ystok<\/li><li>Nikonowicz Szymon \u2013 M\u0141KS \u0141om\u017ca<\/li><li>Zimnoch Micha\u0142 \u00a0\u2013 AP Jagiellonia Bia\u0142ystok<\/li><li>Sacharzewski Karol\u2013 AP Jagiellonia Bia\u0142ystok<\/li><li>Ho\u0142ownia Szymon \u2013 AP Junior Bia\u0142ystok<\/li><li>Rudzi\u0144ski Mateusz\u2013 AP Jagiellonia Bia\u0142ystok<\/li><li>Kulhawik Bruno\u2013 AP Jagiellonia Bia\u0142ystok<\/li><li>Gumieniak Daniel\u2013 AP Jagiellonia Bia\u0142ystok<\/li><li>Jab\u0142o\u0144ski Kamil\u2013 AP Jagiellonia Bia\u0142ystok<\/li><li>Kubas Mateusz- AP Wigry Suwa\u0142ki<\/li><li>Fiedorowicz Dawid\u2013 AP Jagiellonia Bia\u0142ystok<\/li><li>Pietraszko Adrian- \u2013 AP Jagiellonia Bia\u0142ystok<\/li><li>Kuczy\u0144ski Filip- AP Progres Bia\u0142ystok<\/li><li>Suwa\u0142a Szymon \u2013 AP Junior Bia\u0142ystok<\/li><li>Kondrat Norbert\u2013 AP Jagiellonia Bia\u0142ystok<\/li><li>Krajewski Hubert\u2013 AP Jagiellonia Bia\u0142ystok<\/li><li>Brz\u00f3ska Piotr- Olimpia Zambr\u00f3w<\/li><li>Ciborowski Bartek \u2013 AP Junior Bia\u0142ystok<\/li><\/ol>\n\n\n\n<p>Trenerzy:<\/p>\n\n\n\n<ol type=\"1\"><li>Bier\u017cyn Pawe\u0142<\/li><li>Kulikowski Krystian<\/li><li>Makal Grzegorz<\/li><\/ol>\n\n\n\n<p>Turniej Fina\u0142owy Rozgrywek Reprezentacji Wojew\u00f3dzkich Ch\u0142opc\u00f3w U-14 o Puchar im. K.Deyny &nbsp;(Og\u00f3lnopolska Olimpiada M\u0142odzie\u017cy ) odb\u0119dzie si\u0119 we Wrze\u015bni i w Gnie\u017anie w terminie 30 czerwca \u2013 6 lipca 2025<\/p>\n\n\n\n<p>Partnerem Naszych Reprezentacji jest Wojew\u00f3dztwo Podlaskie<\/p>\n\n\n\n<figure class=\"wp-block-image size-large\"><img loading=\"lazy\" width=\"1024\" height=\"646\" src=\"https:\/\/podlaskizpn.org\/wp-content\/uploads\/2022\/06\/Podlaskie1-1024x646.jpg\" alt=\"\" class=\"wp-image-10159\" srcset=\"https:\/\/podlaskizpn.org\/wp-content\/uploads\/2022\/06\/Podlaskie1-1024x646.jpg 1024w, https:\/\/podlaskizpn.org\/wp-content\/uploads\/2022\/06\/Podlaskie1-300x189.jpg 300w, https:\/\/podlaskizpn.org\/wp-content\/uploads\/2022\/06\/Podlaskie1-768x485.jpg 768w, https:\/\/podlaskizpn.org\/wp-content\/uploads\/2022\/06\/Podlaskie1-1536x969.jpg 1536w, https:\/\/podlaskizpn.org\/wp-content\/uploads\/2022\/06\/Podlaskie1-128x81.jpg 128w, https:\/\/podlaskizpn.org\/wp-content\/uploads\/2022\/06\/Podlaskie1-32x20.jpg 32w, https:\/\/podlaskizpn.org\/wp-content\/uploads\/2022\/06\/Podlaskie1.jpg 2048w\" sizes=\"(max-width: 1024px) 100vw, 1024px\" \/><\/figure>\n","protected":false},"excerpt":{"rendered":"<p>Na kolejk\u0119 przed zako\u0144czeniem eliminacji m\u0142odzi pi\u0142karze z rocznika 2011 zapewnili sobie awans do Turnieju Fina\u0142owego rozgrywek o Puchar im. K.Deyny. Podlasianie w pokonanym polu zostawili reprezentacje : Pomorskiego ZPN, Kujawsko-Pomorskiego ZPN i Warmi\u0144sko -Mazurskiego ZPN. Mecz V kolejki rozgrywek : Podlaski ZPN U14 \u2013 Kujawsko-Pomorski ZPN U14 &nbsp;Wynik :&nbsp;&nbsp;&nbsp;&nbsp;&nbsp;&nbsp;&nbsp;&nbsp;&nbsp;&nbsp;&nbsp;&nbsp;&nbsp;&nbsp;&nbsp;&nbsp;&nbsp;&nbsp;&nbsp;&nbsp;&nbsp;&nbsp;&nbsp;&nbsp;&nbsp;&nbsp;&nbsp;&nbsp; 9:1 Bramki dla Podlaskiego ZPN &hellip;<\/p>\n","protected":false},"author":1,"featured_media":14284,"comment_status":"closed","ping_status":"closed","sticky":false,"template":"","format":"standard","meta":[],"categories":[33],"tags":[],"_links":{"self":[{"href":"https:\/\/podlaskizpn.org\/index.php\/wp-json\/wp\/v2\/posts\/14283"}],"collection":[{"href":"https:\/\/podlaskizpn.org\/index.php\/wp-json\/wp\/v2\/posts"}],"about":[{"href":"https:\/\/podlaskizpn.org\/index.php\/wp-json\/wp\/v2\/types\/post"}],"author":[{"embeddable":true,"href":"https:\/\/podlaskizpn.org\/index.php\/wp-json\/wp\/v2\/users\/1"}],"replies":[{"embeddable":true,"href":"https:\/\/podlaskizpn.org\/index.php\/wp-json\/wp\/v2\/comments?post=14283"}],"version-history":[{"count":2,"href":"https:\/\/podlaskizpn.org\/index.php\/wp-json\/wp\/v2\/posts\/14283\/revisions"}],"predecessor-version":[{"id":14287,"href":"https:\/\/podlaskizpn.org\/index.php\/wp-json\/wp\/v2\/posts\/14283\/revisions\/14287"}],"wp:featuredmedia":[{"embeddable":true,"href":"https:\/\/podlaskizpn.org\/index.php\/wp-json\/wp\/v2\/media\/14284"}],"wp:attachment":[{"href":"https:\/\/podlaskizpn.org\/index.php\/wp-json\/wp\/v2\/media?parent=14283"}],"wp:term":[{"taxonomy":"category","embeddable":true,"href":"https:\/\/podlaskizpn.org\/index.php\/wp-json\/wp\/v2\/categories?post=14283"},{"taxonomy":"post_tag","embeddable":true,"href":"https:\/\/podlaskizpn.org\/index.php\/wp-json\/wp\/v2\/tags?post=14283"}],"curies":[{"name":"wp","href":"https:\/\/api.w.org\/{rel}","templated":true}]}}