{"id":13793,"date":"2025-01-21T11:37:19","date_gmt":"2025-01-21T11:37:19","guid":{"rendered":"https:\/\/podlaskizpn.org\/?p=13793"},"modified":"2025-02-03T13:30:03","modified_gmt":"2025-02-03T13:30:03","slug":"walne-zebranie-sprawozdawczo-wyborcze-delegatow-podlaskiego-zwiazku-pilki-noznej","status":"publish","type":"post","link":"https:\/\/podlaskizpn.org\/index.php\/2025\/01\/21\/walne-zebranie-sprawozdawczo-wyborcze-delegatow-podlaskiego-zwiazku-pilki-noznej\/","title":{"rendered":"WALNE ZEBRANIE SPRAWOZDAWCZO -WYBORCZE DELEGAT\u00d3W PODLASKIEGO ZWI\u0104ZKU PI\u0141KI NO\u017bNEJ"},"content":{"rendered":"\n<p>Zarz\u0105d Podlaskiego ZPN na posiedzeniu w dniu 20.01.2025 podj\u0105\u0142 decyzj\u0119 o dacie i miejscu Walnego Zebrania Sprawozdawczo \u2013 Wyborczego Delegat\u00f3w Podlaskiego ZPN. W zwi\u0105zku z decyzj\u0105 Zarz\u0105du Polskiego Zwi\u0105zku Pi\u0142ki No\u017cnej i ustaleniem terminu Walnego Zebrania Sprawozdawczo-Wyborczego Delegat\u00f3w PZPN na 30 czerwca 2025 r., Zarz\u0105d Podlaskiego ZPN ustali\u0142 termin zebrania delegat\u00f3w na 02.03.2025.<\/p>\n\n\n\n<p>Poni\u017cej pe\u0142na tre\u015b\u0107 uchwa\u0142y Zarz\u0105du Podlaskiego ZPN :<\/p>\n\n\n\n<figure class=\"wp-block-image size-large\"><img loading=\"lazy\" width=\"573\" height=\"715\" src=\"https:\/\/podlaskizpn.org\/wp-content\/uploads\/2025\/01\/uchwala-data-i-miejsce-Walnego.png\" alt=\"\" class=\"wp-image-13794\" srcset=\"https:\/\/podlaskizpn.org\/wp-content\/uploads\/2025\/01\/uchwala-data-i-miejsce-Walnego.png 573w, https:\/\/podlaskizpn.org\/wp-content\/uploads\/2025\/01\/uchwala-data-i-miejsce-Walnego-240x300.png 240w, https:\/\/podlaskizpn.org\/wp-content\/uploads\/2025\/01\/uchwala-data-i-miejsce-Walnego-103x128.png 103w, https:\/\/podlaskizpn.org\/wp-content\/uploads\/2025\/01\/uchwala-data-i-miejsce-Walnego-26x32.png 26w\" sizes=\"(max-width: 573px) 100vw, 573px\" \/><\/figure>\n","protected":false},"excerpt":{"rendered":"<p>Zarz\u0105d Podlaskiego ZPN na posiedzeniu w dniu 20.01.2025 podj\u0105\u0142 decyzj\u0119 o dacie i miejscu Walnego Zebrania Sprawozdawczo \u2013 Wyborczego Delegat\u00f3w Podlaskiego ZPN. W zwi\u0105zku z decyzj\u0105 Zarz\u0105du Polskiego Zwi\u0105zku Pi\u0142ki No\u017cnej i ustaleniem terminu Walnego Zebrania Sprawozdawczo-Wyborczego Delegat\u00f3w PZPN na 30 czerwca 2025 r., Zarz\u0105d Podlaskiego ZPN ustali\u0142 termin zebrania delegat\u00f3w na 02.03.2025. Poni\u017cej pe\u0142na &hellip;<\/p>\n","protected":false},"author":1,"featured_media":12225,"comment_status":"closed","ping_status":"closed","sticky":false,"template":"","format":"standard","meta":[],"categories":[41,43],"tags":[],"_links":{"self":[{"href":"https:\/\/podlaskizpn.org\/index.php\/wp-json\/wp\/v2\/posts\/13793"}],"collection":[{"href":"https:\/\/podlaskizpn.org\/index.php\/wp-json\/wp\/v2\/posts"}],"about":[{"href":"https:\/\/podlaskizpn.org\/index.php\/wp-json\/wp\/v2\/types\/post"}],"author":[{"embeddable":true,"href":"https:\/\/podlaskizpn.org\/index.php\/wp-json\/wp\/v2\/users\/1"}],"replies":[{"embeddable":true,"href":"https:\/\/podlaskizpn.org\/index.php\/wp-json\/wp\/v2\/comments?post=13793"}],"version-history":[{"count":1,"href":"https:\/\/podlaskizpn.org\/index.php\/wp-json\/wp\/v2\/posts\/13793\/revisions"}],"predecessor-version":[{"id":13795,"href":"https:\/\/podlaskizpn.org\/index.php\/wp-json\/wp\/v2\/posts\/13793\/revisions\/13795"}],"wp:featuredmedia":[{"embeddable":true,"href":"https:\/\/podlaskizpn.org\/index.php\/wp-json\/wp\/v2\/media\/12225"}],"wp:attachment":[{"href":"https:\/\/podlaskizpn.org\/index.php\/wp-json\/wp\/v2\/media?parent=13793"}],"wp:term":[{"taxonomy":"category","embeddable":true,"href":"https:\/\/podlaskizpn.org\/index.php\/wp-json\/wp\/v2\/categories?post=13793"},{"taxonomy":"post_tag","embeddable":true,"href":"https:\/\/podlaskizpn.org\/index.php\/wp-json\/wp\/v2\/tags?post=13793"}],"curies":[{"name":"wp","href":"https:\/\/api.w.org\/{rel}","templated":true}]}}