{"id":13550,"date":"2024-09-18T12:25:01","date_gmt":"2024-09-18T12:25:01","guid":{"rendered":"https:\/\/podlaskizpn.org\/?p=13550"},"modified":"2024-09-18T12:25:01","modified_gmt":"2024-09-18T12:25:01","slug":"konferencja-akademia-grassroots-2024","status":"publish","type":"post","link":"https:\/\/podlaskizpn.org\/index.php\/2024\/09\/18\/konferencja-akademia-grassroots-2024\/","title":{"rendered":"KONFERENCJA AKADEMIA GRASSROOTS 2024"},"content":{"rendered":"\n<p>Polski Zwi\u0105zek Pi\u0142ki No\u017cnej zaprasza na doroczn\u0105 konferencj\u0119 szkoleniow\u0105 przeznaczon\u0105 dla trener\u00f3w pi\u0142ki no\u017cnej pracuj\u0105cych z dzie\u0107mi.<\/p>\n\n\n\n<p>Termin: 30 wrze\u015bnia 2024<\/p>\n\n\n\n<p>Miejsce konferencji \u2013 I LO w Bielsku Podlaskim ul. 11 listopada 6<\/p>\n\n\n\n<p>Ramowy plan konferencji:<\/p>\n\n\n\n<figure class=\"wp-block-table\"><table><thead><tr><td><strong>GODZINA&nbsp;<\/strong><\/td><td><strong>PANEL&nbsp;<\/strong><\/td><td><strong>PRELEGENT&nbsp;<\/strong><\/td><\/tr><\/thead><tbody><tr><td>09:30 \u2013 09:40&nbsp;<\/td><td>Otwarcie konferencji przez Prezesa lub przedstawiciela Wojew\u00f3dzkiego ZPN&nbsp;&nbsp;<\/td><td>Prezes lub przedstawiciel WZPN&nbsp;<\/td><\/tr><tr><td><strong>SESJA WYK\u0141ADOWA<\/strong>&nbsp;<\/td><\/tr><tr><td>09:40 \u2013 10:00&nbsp;<\/td><td>Prezentacja inicjatyw Grassroots&nbsp;<\/td><td>Przedstawiciel PZPN&nbsp;<\/td><\/tr><tr><td>10:00 \u2013 10:20&nbsp;<\/td><td>Amp futbol \/ Futbol Plus&nbsp;<\/td><td>Przedstawiciel Amp futbol\/ Futbol Plus&nbsp;<\/td><\/tr><tr><td>10:20 \u2013 10:50&nbsp;<\/td><td>Skauting&nbsp;<\/td><td>Skauci PZPN&nbsp;<\/td><\/tr><tr><td>10:50 \u2013 11:20&nbsp;<\/td><td>Zawodnik w centrum procesu \u2013 przyk\u0142ady praktyczne&nbsp;<\/td><td>Szko\u0142a Trener\u00f3w PZPN&nbsp;<\/td><\/tr><tr><td>11:20 &#8211; 11:40&nbsp;<\/td><td>Przerwa kawowa&nbsp;<\/td><td>&nbsp;<\/td><\/tr><tr><td>11:40 \u2013 12:10&nbsp;<\/td><td>Proaktywnie z inicjatyw\u0105 w praktyce&nbsp;<\/td><td>Mobilna Akademia M\u0142odych Or\u0142\u00f3w&nbsp;<\/td><\/tr><tr><td>12:10 \u2013 13:00&nbsp;<\/td><td>Jednostka treningowa w oparciu o \u015brodowisko gry&nbsp;<\/td><td>Szko\u0142a Trener\u00f3w PZPN&nbsp;<\/td><\/tr><tr><td>13:00 \u2013 13:30&nbsp;<\/td><td>Przerwa kawowa&nbsp;<\/td><td>&nbsp;<\/td><\/tr><tr><td><strong>SESJA PRAKTYCZNA<\/strong>&nbsp;<\/td><\/tr><tr><td>13:30 \u2013 14:25&nbsp;<\/td><td>Futsal&nbsp;<\/td><td>\u202fTrenerzy futsalu&nbsp;<\/td><\/tr><tr><td>14:30 \u2013 15:25&nbsp;<\/td><td>UEFA Playmakers&nbsp;<\/td><td>Departament Pi\u0142ki Kobiecej&nbsp;<\/td><\/tr><tr><td>15:30 \u2013 16:25&nbsp;<\/td><td>Jednostka treningowa w oparciu o \u015brodowisko gry&nbsp;<\/td><td>Szko\u0142a Trener\u00f3w PZPN&nbsp;<\/td><\/tr><tr><td>16:30&nbsp;<\/td><td>Podsumowanie i zako\u0144czenie konferencji&nbsp;<\/td><td>&nbsp;<\/td><\/tr><\/tbody><\/table><\/figure>\n\n\n\n<figure class=\"wp-block-table\"><table><tbody><tr><td>Punkty do przed\u0142u\u017cenia licencji<\/td><\/tr><tr><td>Licencja<\/td><td>Liczba punkt\u00f3w<\/td><\/tr><tr><td>UEFA A\/Elite Youth A<\/td><td>3<\/td><\/tr><tr><td>UEFA B<\/td><td>5<\/td><\/tr><tr><td>UEFA C<\/td><td>5<\/td><\/tr><tr><td>Futsal B\/Futsal C<\/td><td>3<\/td><\/tr><\/tbody><\/table><\/figure>\n\n\n\n<p>ZAPISY PZPN24<\/p>\n","protected":false},"excerpt":{"rendered":"<p>Polski Zwi\u0105zek Pi\u0142ki No\u017cnej zaprasza na doroczn\u0105 konferencj\u0119 szkoleniow\u0105 przeznaczon\u0105 dla trener\u00f3w pi\u0142ki no\u017cnej pracuj\u0105cych z dzie\u0107mi. Termin: 30 wrze\u015bnia 2024 Miejsce konferencji \u2013 I LO w Bielsku Podlaskim ul. 11 listopada 6 Ramowy plan konferencji: GODZINA&nbsp; PANEL&nbsp; PRELEGENT&nbsp; 09:30 \u2013 09:40&nbsp; Otwarcie konferencji przez Prezesa lub przedstawiciela Wojew\u00f3dzkiego ZPN&nbsp;&nbsp; Prezes lub przedstawiciel WZPN&nbsp; SESJA &hellip;<\/p>\n","protected":false},"author":1,"featured_media":13551,"comment_status":"closed","ping_status":"","sticky":false,"template":"","format":"standard","meta":[],"categories":[42],"tags":[],"_links":{"self":[{"href":"https:\/\/podlaskizpn.org\/index.php\/wp-json\/wp\/v2\/posts\/13550"}],"collection":[{"href":"https:\/\/podlaskizpn.org\/index.php\/wp-json\/wp\/v2\/posts"}],"about":[{"href":"https:\/\/podlaskizpn.org\/index.php\/wp-json\/wp\/v2\/types\/post"}],"author":[{"embeddable":true,"href":"https:\/\/podlaskizpn.org\/index.php\/wp-json\/wp\/v2\/users\/1"}],"replies":[{"embeddable":true,"href":"https:\/\/podlaskizpn.org\/index.php\/wp-json\/wp\/v2\/comments?post=13550"}],"version-history":[{"count":1,"href":"https:\/\/podlaskizpn.org\/index.php\/wp-json\/wp\/v2\/posts\/13550\/revisions"}],"predecessor-version":[{"id":13552,"href":"https:\/\/podlaskizpn.org\/index.php\/wp-json\/wp\/v2\/posts\/13550\/revisions\/13552"}],"wp:featuredmedia":[{"embeddable":true,"href":"https:\/\/podlaskizpn.org\/index.php\/wp-json\/wp\/v2\/media\/13551"}],"wp:attachment":[{"href":"https:\/\/podlaskizpn.org\/index.php\/wp-json\/wp\/v2\/media?parent=13550"}],"wp:term":[{"taxonomy":"category","embeddable":true,"href":"https:\/\/podlaskizpn.org\/index.php\/wp-json\/wp\/v2\/categories?post=13550"},{"taxonomy":"post_tag","embeddable":true,"href":"https:\/\/podlaskizpn.org\/index.php\/wp-json\/wp\/v2\/tags?post=13550"}],"curies":[{"name":"wp","href":"https:\/\/api.w.org\/{rel}","templated":true}]}}