{"id":12852,"date":"2024-05-15T07:11:11","date_gmt":"2024-05-15T07:11:11","guid":{"rendered":"https:\/\/podlaskizpn.org\/?p=12852"},"modified":"2024-05-15T07:11:11","modified_gmt":"2024-05-15T07:11:11","slug":"rozlosowano-grupy-turnieju-finalowego-pucharu-im-kazimierza-gorskiego","status":"publish","type":"post","link":"https:\/\/podlaskizpn.org\/index.php\/2024\/05\/15\/rozlosowano-grupy-turnieju-finalowego-pucharu-im-kazimierza-gorskiego\/","title":{"rendered":"Rozlosowano grupy turnieju fina\u0142owego Pucharu im. Kazimierza G\u00f3rskiego"},"content":{"rendered":"\n<p><strong>We wtorek w siedzibie Polskiego Zwi\u0105zku Pi\u0142ki No\u017cnej wiceprezes federacji ds. pi\u0142karstwa amatorskiego Adam Ka\u017amierczak oraz dyrektor sportowy Marcin Dorna wylosowali grupy fazy fina\u0142owej Pucharu im. Kazimierza G\u00f3rskiego, czyli corocznych zmaga\u0144 kadr wojew\u00f3dzkich ch\u0142opc\u00f3w w kategorii do lat 13. Mecze tego etapu odb\u0119d\u0105 si\u0119 w dniach 22-29 czerwca w Jarocinie i Wrze\u015bni.<\/strong><\/p>\n\n\n\n<p>Wyniki osi\u0105gane w rundach jesiennej oraz wiosennej przek\u0142ada\u0142y si\u0119 na jedn\u0105 zbiorcz\u0105 tabel\u0119, kt\u00f3ra decydowa\u0142a o rozstawieniu przed wtorkowym losowaniem fazy fina\u0142owej. Na jej podstawie w pierwszym koszyku znalaz\u0142y si\u0119 reprezentacje wojew\u00f3dztw mazowieckiego, wielkopolskiego, \u015bl\u0105skiego i zachodniopomorskiego, w drugim dolno\u015bl\u0105skiego, podlaskiego, \u015bwi\u0119tokrzyskiego i warmi\u0144sko-mazurskiego, w trzecim \u0142\u00f3dzkiego, podkarpackiego, pomorskiego i ma\u0142opolskiego, a w czwartym opolskiego, lubelskiego, kujawsko-pomorskiego oraz lubuskiego.<\/p>\n\n\n\n<p>Losowanie turnieju fina\u0142owego zosta\u0142o przeprowadzone we wtorkowe popo\u0142udnie w siedzibie PZPN. W jego wyniku reprezentacje utworzy\u0142y nast\u0119puj\u0105ce grupy:<\/p>\n\n\n\n<figure class=\"wp-block-image size-large\"><img loading=\"lazy\" width=\"840\" height=\"473\" src=\"https:\/\/podlaskizpn.org\/wp-content\/uploads\/2024\/05\/U-13.png\" alt=\"\" class=\"wp-image-12853\" srcset=\"https:\/\/podlaskizpn.org\/wp-content\/uploads\/2024\/05\/U-13.png 840w, https:\/\/podlaskizpn.org\/wp-content\/uploads\/2024\/05\/U-13-300x169.png 300w, https:\/\/podlaskizpn.org\/wp-content\/uploads\/2024\/05\/U-13-768x432.png 768w, https:\/\/podlaskizpn.org\/wp-content\/uploads\/2024\/05\/U-13-128x72.png 128w, https:\/\/podlaskizpn.org\/wp-content\/uploads\/2024\/05\/U-13-32x18.png 32w\" sizes=\"(max-width: 840px) 100vw, 840px\" \/><\/figure>\n","protected":false},"excerpt":{"rendered":"<p>We wtorek w siedzibie Polskiego Zwi\u0105zku Pi\u0142ki No\u017cnej wiceprezes federacji ds. pi\u0142karstwa amatorskiego Adam Ka\u017amierczak oraz dyrektor sportowy Marcin Dorna wylosowali grupy fazy fina\u0142owej Pucharu im. Kazimierza G\u00f3rskiego, czyli corocznych zmaga\u0144 kadr wojew\u00f3dzkich ch\u0142opc\u00f3w w kategorii do lat 13. Mecze tego etapu odb\u0119d\u0105 si\u0119 w dniach 22-29 czerwca w Jarocinie i Wrze\u015bni. Wyniki osi\u0105gane w &hellip;<\/p>\n","protected":false},"author":1,"featured_media":12854,"comment_status":"closed","ping_status":"","sticky":false,"template":"","format":"standard","meta":[],"categories":[33],"tags":[],"_links":{"self":[{"href":"https:\/\/podlaskizpn.org\/index.php\/wp-json\/wp\/v2\/posts\/12852"}],"collection":[{"href":"https:\/\/podlaskizpn.org\/index.php\/wp-json\/wp\/v2\/posts"}],"about":[{"href":"https:\/\/podlaskizpn.org\/index.php\/wp-json\/wp\/v2\/types\/post"}],"author":[{"embeddable":true,"href":"https:\/\/podlaskizpn.org\/index.php\/wp-json\/wp\/v2\/users\/1"}],"replies":[{"embeddable":true,"href":"https:\/\/podlaskizpn.org\/index.php\/wp-json\/wp\/v2\/comments?post=12852"}],"version-history":[{"count":1,"href":"https:\/\/podlaskizpn.org\/index.php\/wp-json\/wp\/v2\/posts\/12852\/revisions"}],"predecessor-version":[{"id":12855,"href":"https:\/\/podlaskizpn.org\/index.php\/wp-json\/wp\/v2\/posts\/12852\/revisions\/12855"}],"wp:featuredmedia":[{"embeddable":true,"href":"https:\/\/podlaskizpn.org\/index.php\/wp-json\/wp\/v2\/media\/12854"}],"wp:attachment":[{"href":"https:\/\/podlaskizpn.org\/index.php\/wp-json\/wp\/v2\/media?parent=12852"}],"wp:term":[{"taxonomy":"category","embeddable":true,"href":"https:\/\/podlaskizpn.org\/index.php\/wp-json\/wp\/v2\/categories?post=12852"},{"taxonomy":"post_tag","embeddable":true,"href":"https:\/\/podlaskizpn.org\/index.php\/wp-json\/wp\/v2\/tags?post=12852"}],"curies":[{"name":"wp","href":"https:\/\/api.w.org\/{rel}","templated":true}]}}