{"id":12529,"date":"2024-03-15T13:27:31","date_gmt":"2024-03-15T13:27:31","guid":{"rendered":"https:\/\/podlaskizpn.org\/?p=12529"},"modified":"2024-03-15T13:27:31","modified_gmt":"2024-03-15T13:27:31","slug":"samorzad-dla-pilki","status":"publish","type":"post","link":"https:\/\/podlaskizpn.org\/index.php\/2024\/03\/15\/samorzad-dla-pilki\/","title":{"rendered":"SAMORZ\u0104D DLA PI\u0141KI"},"content":{"rendered":"\n<p><strong>PROGRAM KONFERENCJI<\/strong><\/p>\n\n\n\n<p><strong>&nbsp;9:00 \u2013 9:20&nbsp;<br><\/strong>Rejestracja uczestnik\u00f3w.<\/p>\n\n\n\n<p><strong>&nbsp;9:20&nbsp;<\/strong>Przywitanie go\u015bci \u2013 Prezes Podlaskiego ZPN<\/p>\n\n\n\n<p>BLOK 1 (Finansowanie)<\/p>\n\n\n\n<p><strong>&nbsp;9:30 \u2013 10:15&nbsp;<\/strong>&nbsp;&nbsp;&nbsp;&nbsp;<\/p>\n\n\n\n<p><br>Finansowanie sportu i klub\u00f3w pi\u0142karskich (infrastruktura<em>,<\/em>&nbsp;dzia\u0142alno\u015b\u0107)<\/p>\n\n\n\n<ul><li>Cezary Kulesza- Prezes PZPN<\/li><li>S\u0142awomir Kopczewski- Prezes Podlaski ZPN<\/li><li>Jacek Brzozowski- Wojewoda Podlaski<\/li><li>Artur Kosicki \u2013 Marsza\u0142ek Wojew\u00f3dztwa Podlaskiego<\/li><li>Rafa\u0142 Rudnicki- Zast\u0119pca Prezydenta Miasta Bia\u0142egostoku<\/li><li>Tomasz Frankowski \u2013 Europose\u0142<\/li><\/ul>\n\n\n\n<p><strong>&nbsp;10:20 \u2013 11:25&nbsp;<\/strong>&nbsp;<\/p>\n\n\n\n<p><br>Finansowanie sportu i klub\u00f3w przez rz\u0105d, samorz\u0105dy, firmy prywatne oraz z innych \u017ar\u00f3de\u0142.<\/p>\n\n\n\n<ul><li>Marek Olbry\u015b \u2013 Vice Marsza\u0142ek<\/li><li>Mariusz Chrzanowski \u2013 Prezydent \u0141om\u017cy<\/li><li>Kazimierz D\u0105browski- Burmistrz Zambrowa<\/li><li>Mi\u0142osz Stachurski \u2013 G\u0142\u00f3wny Specjalista ds. Sportu w UM Suwa\u0142ki<\/li><\/ul>\n\n\n\n<p>Sponsorzy<\/p>\n\n\n\n<ul><li>Grupa Chorten<\/li><li>Keeza<\/li><\/ul>\n\n\n\n<p>BLOK 2 (INFRASTRUKTURA)<\/p>\n\n\n\n<p><strong>11:30 \u2013 12:15&nbsp;<\/strong><strong>&nbsp;<\/strong>&nbsp;<br>Dobre praktyki \u2013 przyk\u0142ady budowy i renowacji podlaskich stadion\u00f3w w ostatnich latach.<\/p>\n\n\n\n<ul><li>Adam Pop\u0142awski &#8211; Prezes Sp\u00f3\u0142ki Stadion<\/li><li>Jaros\u0142aw Siekierko \u2013 Burmistrz Wysokie Mazowieckie<\/li><li>Zbigniew Pypczy\u0144ski \u2013 cz\u0142onek Zarz\u0105du Podlaski ZPN                  ( komisja ds. obiekt\u00f3w sportowych)<\/li><li>Piotr D\u0105bkowski &#8211; cz\u0142onek Zarz\u0105du Podlaski ZPN \u2013 Kolno<\/li><li>Rados\u0142aw Dobrowolski &#8211; Burmistrz Supra\u015bla<\/li><li>Robert Wardzi\u0144ski \u2013 Burmistrz Choroszczy<\/li><\/ul>\n\n\n\n<p>BLOK 3 (SPO\u0141ECZNO\u015a\u0106)<\/p>\n\n\n\n<p><strong>&nbsp;12:20 \u2013 13:10&nbsp;<\/strong><strong>&nbsp;<\/strong><br>Oferta klubu dla dzieci i m\u0142odzie\u017cy.<br>Promowanie dzia\u0142alno\u015bci klubu, zach\u0119canie do jego wsp\u00f3\u0142tworzenia i udzia\u0142u w jego dzia\u0142aniach.<br>Dobre praktyki \u2013 przyk\u0142ady dzia\u0142a\u0144 klub\u00f3w i spo\u0142eczno\u015bci powsta\u0142ych wok\u00f3\u0142 klub\u00f3w na Podlasiu.<\/p>\n\n\n\n<p>Media klubowe, odpowiedzialno\u015b\u0107 spo\u0142eczna, eventy i turnieje<\/p>\n\n\n\n<ul><li>Marek \u0141ukiewski Prezes WMZPN<em> \/ zast\u0119pca SG PZPN<\/em><\/li><li>Bogus\u0142aw Nos -Wice Prezes Podlaski ZPN<\/li><li>\u0141ukasz Jutkiewicz \u2013 Prezes Wigry Suwa\u0142ki<\/li><\/ul>\n\n\n\n<p><strong>Media klubowe<\/strong><\/p>\n\n\n\n<ul><li>Rafa\u0142 \u015aredzi\u0144ski Prezes KS Turo\u015bnianka \u2013 media klubowe<\/li><li>Emil Kami\u0144ski\u2013 Jagiellonia Bia\u0142ystok- media klubowe&nbsp;<\/li><li>Jakub Pogorzelski \u2013 \u0141KS \u0141om\u017ca \u2013 media klubowe<\/li><\/ul>\n","protected":false},"excerpt":{"rendered":"<p>PROGRAM KONFERENCJI &nbsp;9:00 \u2013 9:20&nbsp;Rejestracja uczestnik\u00f3w. &nbsp;9:20&nbsp;Przywitanie go\u015bci \u2013 Prezes Podlaskiego ZPN BLOK 1 (Finansowanie) &nbsp;9:30 \u2013 10:15&nbsp;&nbsp;&nbsp;&nbsp;&nbsp; Finansowanie sportu i klub\u00f3w pi\u0142karskich (infrastruktura,&nbsp;dzia\u0142alno\u015b\u0107) Cezary Kulesza- Prezes PZPN S\u0142awomir Kopczewski- Prezes Podlaski ZPN Jacek Brzozowski- Wojewoda Podlaski Artur Kosicki \u2013 Marsza\u0142ek Wojew\u00f3dztwa Podlaskiego Rafa\u0142 Rudnicki- Zast\u0119pca Prezydenta Miasta Bia\u0142egostoku Tomasz Frankowski \u2013 Europose\u0142 &nbsp;10:20 \u2013 &hellip;<\/p>\n","protected":false},"author":1,"featured_media":12530,"comment_status":"closed","ping_status":"","sticky":false,"template":"","format":"standard","meta":[],"categories":[42],"tags":[],"_links":{"self":[{"href":"https:\/\/podlaskizpn.org\/index.php\/wp-json\/wp\/v2\/posts\/12529"}],"collection":[{"href":"https:\/\/podlaskizpn.org\/index.php\/wp-json\/wp\/v2\/posts"}],"about":[{"href":"https:\/\/podlaskizpn.org\/index.php\/wp-json\/wp\/v2\/types\/post"}],"author":[{"embeddable":true,"href":"https:\/\/podlaskizpn.org\/index.php\/wp-json\/wp\/v2\/users\/1"}],"replies":[{"embeddable":true,"href":"https:\/\/podlaskizpn.org\/index.php\/wp-json\/wp\/v2\/comments?post=12529"}],"version-history":[{"count":1,"href":"https:\/\/podlaskizpn.org\/index.php\/wp-json\/wp\/v2\/posts\/12529\/revisions"}],"predecessor-version":[{"id":12531,"href":"https:\/\/podlaskizpn.org\/index.php\/wp-json\/wp\/v2\/posts\/12529\/revisions\/12531"}],"wp:featuredmedia":[{"embeddable":true,"href":"https:\/\/podlaskizpn.org\/index.php\/wp-json\/wp\/v2\/media\/12530"}],"wp:attachment":[{"href":"https:\/\/podlaskizpn.org\/index.php\/wp-json\/wp\/v2\/media?parent=12529"}],"wp:term":[{"taxonomy":"category","embeddable":true,"href":"https:\/\/podlaskizpn.org\/index.php\/wp-json\/wp\/v2\/categories?post=12529"},{"taxonomy":"post_tag","embeddable":true,"href":"https:\/\/podlaskizpn.org\/index.php\/wp-json\/wp\/v2\/tags?post=12529"}],"curies":[{"name":"wp","href":"https:\/\/api.w.org\/{rel}","templated":true}]}}