{"id":11800,"date":"2023-09-02T09:57:32","date_gmt":"2023-09-02T09:57:32","guid":{"rendered":"https:\/\/podlaskizpn.org\/?p=11800"},"modified":"2023-09-02T09:57:32","modified_gmt":"2023-09-02T09:57:32","slug":"polska-portugalia-u-20","status":"publish","type":"post","link":"https:\/\/podlaskizpn.org\/index.php\/2023\/09\/02\/polska-portugalia-u-20\/","title":{"rendered":"POLSKA-PORTUGALIA U-20"},"content":{"rendered":"\n<p>Reprezentacja Polski do lat 20 pod wodz\u0105 trenera Mi\u0142osza St\u0119pi\u0144skiego rozegra towarzyski mecz w ramach Turnieju O\u015bmiu Narod\u00f3w z Portugali\u0105 na Stadionie Miejskim przy ulicy Zjazd 18 w \u0141om\u017cy! Rywalizacja bia\u0142o-czerwonych z Portugalczykami zosta\u0142a zaplanowana na 8 wrze\u015bnia na godzin\u0119 17:00.<\/p>\n\n\n\n<p>Kadra prowadzona przez trenera Mi\u0142osza St\u0119pi\u0144skiego jest bezpo\u015brednim zapleczem reprezentacji Polski U-21 prowadzonej przez szkoleniowca Micha\u0142a Probierza, a obaj trenerzy \u015bci\u015ble ze sob\u0105 wsp\u00f3\u0142pracuj\u0105. Na tyle \u015bci\u015ble, \u017ce na czerwcowe zgrupowanie m\u0142odzie\u017c\u00f3wki St\u0119pi\u0144ski do\u0142\u0105czy\u0142 do jej sztabu. W ubieg\u0142ym sezonie w kadrze U-20 mogli wyst\u0119powa\u0107 dok\u0142adnie ci sami zawodnicy co w U-21, czyli urodzeni w 2002 roku lub p\u00f3\u017aniej. Od 1 lipca g\u00f3rnym rocznikiem dla tej reprezentacji jest 2003, co nie zmienia jej g\u0142\u00f3wnego celu \u2013 poszerzenia selekcji i umo\u017cliwienia rywalizacji mi\u0119dzypa\u0144stwowej wi\u0119kszej liczbie pi\u0142karzy. A rywalizacja to nieprzeci\u0119tna, bo w ramach Turnieju O\u015bmiu Narod\u00f3w kadra St\u0119pi\u0144skiego tylko w tym roku zagra z czo\u0142owymi europejskimi reprezentacjami: Portugali\u0105, Niemcami, W\u0142ochami, a tak\u017ce z Czechami.<\/p>\n\n\n\n<p>Transmisja meczu na \u017cywo w TVP Sport.<br><\/p>\n\n\n\n<p>Bilety na te spotkanie w cenach 25 z\u0142otych oraz 10 z\u0142otych, mo\u017cna naby\u0107 wy\u0142\u0105cznie poprzez stron\u0119 abilet.pl.<\/p>\n\n\n\n<p><a href=\"https:\/\/abilet.pl\/wydarzenie\/turniej-osmiu-narodow-u20-polska-vs-portugalia-10749\">https:\/\/abilet.pl\/wydarzenie\/turniej-osmiu-narodow-u20-polska-vs-portugalia-10749<\/a><\/p>\n","protected":false},"excerpt":{"rendered":"<p>Reprezentacja Polski do lat 20 pod wodz\u0105 trenera Mi\u0142osza St\u0119pi\u0144skiego rozegra towarzyski mecz w ramach Turnieju O\u015bmiu Narod\u00f3w z Portugali\u0105 na Stadionie Miejskim przy ulicy Zjazd 18 w \u0141om\u017cy! Rywalizacja bia\u0142o-czerwonych z Portugalczykami zosta\u0142a zaplanowana na 8 wrze\u015bnia na godzin\u0119 17:00. Kadra prowadzona przez trenera Mi\u0142osza St\u0119pi\u0144skiego jest bezpo\u015brednim zapleczem reprezentacji Polski U-21 prowadzonej przez &hellip;<\/p>\n","protected":false},"author":1,"featured_media":11801,"comment_status":"closed","ping_status":"","sticky":false,"template":"","format":"standard","meta":[],"categories":[33,43],"tags":[],"_links":{"self":[{"href":"https:\/\/podlaskizpn.org\/index.php\/wp-json\/wp\/v2\/posts\/11800"}],"collection":[{"href":"https:\/\/podlaskizpn.org\/index.php\/wp-json\/wp\/v2\/posts"}],"about":[{"href":"https:\/\/podlaskizpn.org\/index.php\/wp-json\/wp\/v2\/types\/post"}],"author":[{"embeddable":true,"href":"https:\/\/podlaskizpn.org\/index.php\/wp-json\/wp\/v2\/users\/1"}],"replies":[{"embeddable":true,"href":"https:\/\/podlaskizpn.org\/index.php\/wp-json\/wp\/v2\/comments?post=11800"}],"version-history":[{"count":1,"href":"https:\/\/podlaskizpn.org\/index.php\/wp-json\/wp\/v2\/posts\/11800\/revisions"}],"predecessor-version":[{"id":11802,"href":"https:\/\/podlaskizpn.org\/index.php\/wp-json\/wp\/v2\/posts\/11800\/revisions\/11802"}],"wp:featuredmedia":[{"embeddable":true,"href":"https:\/\/podlaskizpn.org\/index.php\/wp-json\/wp\/v2\/media\/11801"}],"wp:attachment":[{"href":"https:\/\/podlaskizpn.org\/index.php\/wp-json\/wp\/v2\/media?parent=11800"}],"wp:term":[{"taxonomy":"category","embeddable":true,"href":"https:\/\/podlaskizpn.org\/index.php\/wp-json\/wp\/v2\/categories?post=11800"},{"taxonomy":"post_tag","embeddable":true,"href":"https:\/\/podlaskizpn.org\/index.php\/wp-json\/wp\/v2\/tags?post=11800"}],"curies":[{"name":"wp","href":"https:\/\/api.w.org\/{rel}","templated":true}]}}