{"id":10882,"date":"2022-12-27T08:40:10","date_gmt":"2022-12-27T08:40:10","guid":{"rendered":"https:\/\/podlaskizpn.org\/?p=10882"},"modified":"2022-12-27T08:40:10","modified_gmt":"2022-12-27T08:40:10","slug":"zgrupowanie-kadry-futsalu-u19-w-bialymstoku","status":"publish","type":"post","link":"https:\/\/podlaskizpn.org\/index.php\/2022\/12\/27\/zgrupowanie-kadry-futsalu-u19-w-bialymstoku\/","title":{"rendered":"Zgrupowanie kadry futsalu U19 w Bia\u0142ymstoku"},"content":{"rendered":"\n<p>Sze\u015b\u0107 dni, pi\u0119\u0107 trening\u00f3w i trzy sparingi \u2013 to bardzo skr\u00f3cony program pobytu kadry futsalu U19 w Bia\u0142ymstoku. Dla trenera \u0141ukasza \u017bebrowskiego to w zasadzie ko\u0144cowy etap selekcji zespo\u0142u przed rozpoczynaj\u0105cymi si\u0119 w marcu eliminacjami do mistrzostw Europy w Chorwacji.<\/p>\n\n\n\n<p>Zgrupowanie odby\u0142o si\u0119 w dniach 17-22 grudnia. Kluczowym jego elementem by\u0142y trzy mecze kontrolne z zespo\u0142ami wyst\u0119puj\u0105cymi w ekstraklasie futsalu (MOKS S\u0142oneczny Stok Jagiellonia Bia\u0142ystok) i I lidze (BonitoHelios oraz Futbalo).<\/p>\n\n\n\n<p>&#8211; Obecnie jeste\u015bmy na etapie budowania naszej organizacji gry i sprawdzania poszczeg\u00f3lnych zawodnik\u00f3w w r\u00f3\u017cnych konfiguracjach osobowych. Fajnie, \u017ce w Bia\u0142ymstoku mogli\u015bmy to zrobi\u0107 w warunkach meczowych. Ciesz\u0119 si\u0119, \u017ce grali\u015bmy z przeciwnikami, kt\u00f3rzy s\u0105 od nas silniejsi fizycznie, a ch\u0142opcy dali im rad\u0119 &#8211; powiedzia\u0142 \u0141ukasz \u017bebrowski, trener reprezentacji Polski U19 w futsalu.<\/p>\n\n\n\n<p>Taktycznie kadra du\u017co czasu na zgrupowaniu po\u015bwi\u0119ci\u0142a na prac\u0119 nad elementami zwi\u0105zanymi z wprowadzeniem pi\u0142ki do gry z autu w r\u00f3\u017cnych sytuacjach meczowych oraz nad sam\u0105 finalizacj\u0105 akcji.<\/p>\n\n\n\n<p>&#8211; Dobrze rozegrane auty pomagaj\u0105 ch\u0142opakom ustabilizowa\u0107 sytuacj\u0119 w meczu, ale te\u017c w\u0142a\u015bciwie si\u0119 ustawi\u0107 na boisku. Przy czym chcia\u0142em, \u017ceby opr\u00f3cz grania schemat\u00f3w, zawodnicy dok\u0142adali do nich co\u015b od siebie, pokazali w\u0142asn\u0105 inwencj\u0119 w grze.<\/p>\n\n\n\n<p>Jak doda\u0142 trener \u017bebrowski, w zasadzie zako\u0144czy\u0142 ju\u017c proces selekcji, a wybrana 18-osobowa grupa do wiosny ju\u017c nie powinna si\u0119 bardzo zmieni\u0107. \u2013 Przy czym na mecze eliminacyjne nie pojad\u0105 wszyscy. Mo\u017cemy zabra\u0107 tylko dziesi\u0119ciu zawodnik\u00f3w z pola i dw\u00f3ch bramkarzy. To powoduje, \u017ce rywalizacj\u0119 w zespole mam spor\u0105 \u2013 t\u0142umaczy.<\/p>\n\n\n\n<p>Obecna kadra U19 jest budowana w i\u015bcie ekspresowym tempie. Z powodu pandemii ostatnie mistrzostwa Europy przesuni\u0119to z 2021 roku na 2022 i mogli w nich gra\u0107 nawet 20-letni zawodnicy. Za to termin obecnych mistrzostw zosta\u0142 utrzymany w 2023 roku. Tak, wi\u0119c zamiast dwuletniego cyklu przygotowawczego, musi wystarczy\u0107 troch\u0119 ponad p\u00f3\u0142 roku (od wrze\u015bnia 2022 r., kiedy rozegrano mistrzostwa w Hiszpanii, do marca 2023 r., kiedy startuj\u0105 eliminacje do mistrzostw w Chorwacji).<\/p>\n\n\n\n<p>&#8211; To bardzo kr\u00f3tki czas i wszystko dzieje si\u0119 do\u015b\u0107 dynamicznie. Dlatego chcia\u0142bym jeszcze na prze\u0142omie stycznia i lutego zrobi\u0107 kr\u00f3tk\u0105 konsultacj\u0119, a w lutym zagra\u0107 dwumecz z Francj\u0105.&nbsp;<\/p>\n\n\n\n<p>Cz\u0119\u015b\u0107 zawodnik\u00f3w z obecnego zespo\u0142u gra\u0142a ju\u017c z poprzedni\u0105 kadr\u0105. Trener \u017bebrowski ogrywa\u0142 m.in. Mi\u0142osza Krzempka, Alberta Betowskiego, Paw\u0142a Mura, Huberta Zadrog\u0119 i Szymona Licznerskiego. W obecnej kadrze te\u017c s\u0105 m\u0142odsi zawodnicy (rocznik 2006), kt\u00f3rzy maj\u0105 by\u0107 fundamentem kolejnego zespo\u0142u U19.<\/p>\n\n\n\n<p>Mistrzostwa Europy w kategorii U19 to zawody z kr\u00f3tk\u0105 histori\u0105. Do tej pory odby\u0142y si\u0119 ich ledwie dwie edycje. W obu Polska dociera\u0142a do p\u00f3\u0142fina\u0142\u00f3w. Tam dwukrotnie trafia\u0142a na Hiszpani\u0119, kt\u00f3ra r\u00f3wnie\u017c dwa razy zosta\u0142a mistrzem. Dzi\u0119ki osi\u0105gni\u0119tym wynikom, nasza reprezentacja w rankingu jest na tyle wysoko, \u017ce nie musi rozgrywa\u0107 preeliminacji i jest losowana z koszyka z najlepszymi zespo\u0142ami.<\/p>\n\n\n\n<p>Marcowe eliminacje Polska rozegra w Mo\u0142dawii. Tam pr\u00f3cz gospodarzy, zmierzymy si\u0119 ze S\u0142oweni\u0105 i Kazachstanem.<\/p>\n\n\n\n<p>&#8211; Wydaje mi si\u0119, \u017ce najtrudniejszym rywalem b\u0119dzie S\u0142owenia. Spotkali\u015bmy si\u0119 z nimi rok temu. My grali\u015bmy wtedy jeszcze starsz\u0105 generacj\u0105 ch\u0142opak\u00f3w, a oni wystawili przeciw nam zesp\u00f3\u0142, kt\u00f3ry przygotowuj\u0105 na obecne eliminacje. Wygrali\u015bmy nieznacznie. Ba\u0142ka\u0144skie zespo\u0142y graj\u0105 zwykle pouk\u0142adan\u0105 pi\u0142k\u0119, maj\u0105 dobr\u0105 technik\u0119 i s\u0105 bardzo waleczne. Mo\u0142dawia i Kazachstan w ostatnich latach mia\u0142y przeci\u0119tne dru\u017cyny, ale wystarczy, \u017ce trafi si\u0119 im jaki\u015b \u015bwietny rocznik i mog\u0105 by\u0107 gro\u017ani. Nie mo\u017cna ich lekcewa\u017cy\u0107.<\/p>\n\n\n\n<p>&#8211; Wierz\u0119 w wyj\u015bcie z grupy eliminacyjnej i wej\u015bcie do fina\u0142\u00f3w. Sta\u0142oby si\u0119 to po raz trzeci z rz\u0119du i by\u0142by to dla nas ogromny sukces \u2013 ko\u0144czy trener \u017bebrowski.<\/p>\n\n\n\n<p><strong>Wyniki sparing\u00f3w:<\/strong><\/p>\n\n\n\n<p>BonitoHelios Bia\u0142ystok : Polska U19 \u2013 1:6<\/p>\n\n\n\n<p>MOKS S\u0142oneczny Stok Jagiellonia Bia\u0142ystok : Polska U19 \u2013 4:3<\/p>\n\n\n\n<p>Futbalo Bia\u0142ystok : Polska U19 \u2013 3:5<\/p>\n\n\n\n<p><strong>Zawodnicy powo\u0142ani na zgrupowanie w Bia\u0142ymstoku:<\/strong><\/p>\n\n\n\n<p>1. Eryk Krajewski (BonitoHelios Bia\u0142ystok)<\/p>\n\n\n\n<p>2. Sebastian Koza (BSF ABJ Bochnia)<\/p>\n\n\n\n<p>3. Mi\u0142osz Krzempek (BTS Rekord Bielsko-Bia\u0142a)<\/p>\n\n\n\n<p>4. Patryk Pawlus (BTS Rekord Bielsko-Bia\u0142a)<\/p>\n\n\n\n<p>5. Albert Betowski (GI Malepszy Arth Soft Leszno)<\/p>\n\n\n\n<p>6. Adrian Wieczorek (GKS Futsal Nowiny)<\/p>\n\n\n\n<p>7. Pawe\u0142 Mura (GKS Futsal Tychy)<\/p>\n\n\n\n<p>8. Oskar Dmochewicz (KS Constract Lubawa)<\/p>\n\n\n\n<p>9. Hubert Zadroga (KS Constract Lubawa)<\/p>\n\n\n\n<p>10. Szymon Licznerski (KS Constract Lubawa)<\/p>\n\n\n\n<p>11. Maciej G\u00f3rski (KC Constract Lubawa)<\/p>\n\n\n\n<p>12. \u0141ukasz Frankiewicz (KS Constract Lubawa)<\/p>\n\n\n\n<p>13. Jakub Janiszewski (Piast Gliwice)<\/p>\n\n\n\n<p>14. Hubert Klatkiewicz (Red Dragons Pniewy)<\/p>\n\n\n\n<p>15. Nikodem Krajewski (Red Dragons Pniewy)<\/p>\n\n\n\n<p>16. Filip Wojta\u015b (RKS B\u00f3r Regut)<\/p>\n\n\n\n<p>17. Kamil Powa\u0142a (SRS Gwiazda Ruda \u015al\u0105ska)<\/p>\n\n\n\n<p>18. Mateusz Anuszewski (TAF Toru\u0144)<\/p>\n\n\n\n<p>Materia\u0142 przygotowa\u0142:<\/p>\n\n\n\n<p><strong>Wojciech Wi\u0119cko, Podlaski ZPN<\/strong><\/p>\n","protected":false},"excerpt":{"rendered":"<p>Sze\u015b\u0107 dni, pi\u0119\u0107 trening\u00f3w i trzy sparingi \u2013 to bardzo skr\u00f3cony program pobytu kadry futsalu U19 w Bia\u0142ymstoku. Dla trenera \u0141ukasza \u017bebrowskiego to w zasadzie ko\u0144cowy etap selekcji zespo\u0142u przed rozpoczynaj\u0105cymi si\u0119 w marcu eliminacjami do mistrzostw Europy w Chorwacji. Zgrupowanie odby\u0142o si\u0119 w dniach 17-22 grudnia. Kluczowym jego elementem by\u0142y trzy mecze kontrolne z &hellip;<\/p>\n","protected":false},"author":1,"featured_media":10883,"comment_status":"closed","ping_status":"","sticky":false,"template":"","format":"standard","meta":[],"categories":[37],"tags":[],"_links":{"self":[{"href":"https:\/\/podlaskizpn.org\/index.php\/wp-json\/wp\/v2\/posts\/10882"}],"collection":[{"href":"https:\/\/podlaskizpn.org\/index.php\/wp-json\/wp\/v2\/posts"}],"about":[{"href":"https:\/\/podlaskizpn.org\/index.php\/wp-json\/wp\/v2\/types\/post"}],"author":[{"embeddable":true,"href":"https:\/\/podlaskizpn.org\/index.php\/wp-json\/wp\/v2\/users\/1"}],"replies":[{"embeddable":true,"href":"https:\/\/podlaskizpn.org\/index.php\/wp-json\/wp\/v2\/comments?post=10882"}],"version-history":[{"count":1,"href":"https:\/\/podlaskizpn.org\/index.php\/wp-json\/wp\/v2\/posts\/10882\/revisions"}],"predecessor-version":[{"id":10884,"href":"https:\/\/podlaskizpn.org\/index.php\/wp-json\/wp\/v2\/posts\/10882\/revisions\/10884"}],"wp:featuredmedia":[{"embeddable":true,"href":"https:\/\/podlaskizpn.org\/index.php\/wp-json\/wp\/v2\/media\/10883"}],"wp:attachment":[{"href":"https:\/\/podlaskizpn.org\/index.php\/wp-json\/wp\/v2\/media?parent=10882"}],"wp:term":[{"taxonomy":"category","embeddable":true,"href":"https:\/\/podlaskizpn.org\/index.php\/wp-json\/wp\/v2\/categories?post=10882"},{"taxonomy":"post_tag","embeddable":true,"href":"https:\/\/podlaskizpn.org\/index.php\/wp-json\/wp\/v2\/tags?post=10882"}],"curies":[{"name":"wp","href":"https:\/\/api.w.org\/{rel}","templated":true}]}}